{"id":323659,"date":"2025-06-23T10:52:49","date_gmt":"2025-06-23T07:52:49","guid":{"rendered":"https:\/\/sana.sy\/tr\/?p=323659"},"modified":"2025-06-23T17:12:34","modified_gmt":"2025-06-23T14:12:34","slug":"patrik-el-rai-mar-elias-kilisesine-duzenlenen-terorist-saldiriyi-kinadi","status":"publish","type":"post","link":"https:\/\/archive.sana.sy\/tr\/?p=323659","title":{"rendered":"Patrik El Rai, Mar Elias Kilisesi&#8217;ne D\u00fczenlenen Ter\u00f6r Sald\u0131r\u0131s\u0131n\u0131 K\u0131nad\u0131"},"content":{"rendered":"<p style=\"text-align: justify;\"><span style=\"color: #ff0000;\"><strong>BEYRUT (SANA)<\/strong> &#8211;<\/span> Maruni Patri\u011fi Kardinal Mar Be\u015fara Butros El Rai, Mar Elias Kilisesi&#8217;nde ger\u00e7ekle\u015fen ter\u00f6r sald\u0131r\u0131s\u0131n\u0131 k\u0131nayarak, Suriye&#8217;ye bar\u0131\u015f\u0131n gelmesi i\u00e7in sevgi, diyalog ve ba\u015fkalar\u0131na sayg\u0131n\u0131n te\u015fvik edilmesi \u00e7a\u011fr\u0131s\u0131nda bulundu.<\/p>\n<p style=\"text-align: justify;\">L\u00fcbnan Ulusal Haber Ajans\u0131, Patrik El Rai&#8217;nin medya ofisinden yapt\u0131\u011f\u0131 a\u00e7\u0131klamada, &#8220;Maruni Patri\u011fi Kardinal Mar Be\u015fara Butros El Rai Hazretleri, d\u00fcn Suriye&#8217;nin ba\u015fkenti \u015eam&#8217;daki El Duveylia kentindeki Mar Elias Kilisesi&#8217;nde ger\u00e7ekle\u015fen ter\u00f6rist bombalama olay\u0131ndan b\u00fcy\u00fck \u00fcz\u00fcnt\u00fc duymaktad\u0131r&#8221; ifadelerini kulland\u0131.<\/p>\n<p style=\"text-align: justify;\">Patrik El Rai&#8217;nin ibadethanelere ve ibadet yerlerine ve bar\u0131\u015f\u00e7\u0131l vatanda\u015flara y\u00f6nelik her t\u00fcrl\u00fc \u015fiddeti ve sald\u0131r\u0131y\u0131 k\u0131nad\u0131\u011f\u0131n\u0131 belirtirken, hem i\u00e7eride hem de d\u0131\u015far\u0131da, sadece Suriye&#8217;de de\u011fil ayn\u0131 zamanda b\u00f6lgedeki t\u00fcm \u00fclkelerde bar\u0131\u015f\u0131 tesis etmek i\u00e7in sevgi, diyalog ve ba\u015fkalar\u0131na sayg\u0131 dilini te\u015fvik etmek i\u00e7in dua ve \u00e7aba \u00e7a\u011fr\u0131s\u0131nda bulundu.<\/p>\n","protected":false},"excerpt":{"rendered":"<p>BEYRUT (SANA) &#8211; Maruni Patri\u011fi Kardinal Mar Be\u015fara Butros El Rai, Mar Elias Kilisesi&#8217;nde ger\u00e7ekle\u015fen ter\u00f6r sald\u0131r\u0131s\u0131n\u0131 k\u0131nayarak, Suriye&#8217;ye bar\u0131\u015f\u0131n gelmesi i\u00e7in sevgi, diyalog ve ba\u015fkalar\u0131na sayg\u0131n\u0131n te\u015fvik edilmesi \u00e7a\u011fr\u0131s\u0131nda bulundu. L\u00fcbnan Ulusal Haber Ajans\u0131, Patrik El Rai&#8217;nin medya ofisinden yapt\u0131\u011f\u0131 a\u00e7\u0131klamada, &#8220;Maruni Patri\u011fi Kardinal Mar Be\u015fara Butros El Rai Hazretleri, d\u00fcn Suriye&#8217;nin ba\u015fkenti \u015eam&#8217;daki &hellip;<\/p>\n","protected":false},"author":36,"featured_media":323660,"comment_status":"closed","ping_status":"closed","sticky":false,"template":"","format":"standard","meta":{"footnotes":""},"categories":[458,589,459,17988],"tags":[],"class_list":["post-323659","post","type-post","status-publish","format-standard","has-post-thumbnail","","category-dunya1","category-haber-seridi","category-haberler-arap-uluslararasi-politika","category-son-haberler"],"_links":{"self":[{"href":"https:\/\/archive.sana.sy\/tr\/index.php?rest_route=\/wp\/v2\/posts\/323659","targetHints":{"allow":["GET"]}}],"collection":[{"href":"https:\/\/archive.sana.sy\/tr\/index.php?rest_route=\/wp\/v2\/posts"}],"about":[{"href":"https:\/\/archive.sana.sy\/tr\/index.php?rest_route=\/wp\/v2\/types\/post"}],"author":[{"embeddable":true,"href":"https:\/\/archive.sana.sy\/tr\/index.php?rest_route=\/wp\/v2\/users\/36"}],"replies":[{"embeddable":true,"href":"https:\/\/archive.sana.sy\/tr\/index.php?rest_route=%2Fwp%2Fv2%2Fcomments&post=323659"}],"version-history":[{"count":2,"href":"https:\/\/archive.sana.sy\/tr\/index.php?rest_route=\/wp\/v2\/posts\/323659\/revisions"}],"predecessor-version":[{"id":323739,"href":"https:\/\/archive.sana.sy\/tr\/index.php?rest_route=\/wp\/v2\/posts\/323659\/revisions\/323739"}],"wp:featuredmedia":[{"embeddable":true,"href":"https:\/\/archive.sana.sy\/tr\/index.php?rest_route=\/wp\/v2\/media\/323660"}],"wp:attachment":[{"href":"https:\/\/archive.sana.sy\/tr\/index.php?rest_route=%2Fwp%2Fv2%2Fmedia&parent=323659"}],"wp:term":[{"taxonomy":"category","embeddable":true,"href":"https:\/\/archive.sana.sy\/tr\/index.php?rest_route=%2Fwp%2Fv2%2Fcategories&post=323659"},{"taxonomy":"post_tag","embeddable":true,"href":"https:\/\/archive.sana.sy\/tr\/index.php?rest_route=%2Fwp%2Fv2%2Ftags&post=323659"}],"curies":[{"name":"wp","href":"https:\/\/api.w.org\/{rel}","templated":true}]}}