{"id":323662,"date":"2025-06-23T10:58:29","date_gmt":"2025-06-23T07:58:29","guid":{"rendered":"https:\/\/sana.sy\/tr\/?p=323662"},"modified":"2025-06-23T16:31:47","modified_gmt":"2025-06-23T13:31:47","slug":"erdogan-samdaki-mar-elias-kilisesine-yonelik-teror-saldirisini-kinadi","status":"publish","type":"post","link":"https:\/\/archive.sana.sy\/tr\/?p=323662","title":{"rendered":"Erdo\u011fan, \u015eam&#8217;daki Mar Elias Kilisesi&#8217;ne Y\u00f6nelik Ter\u00f6r Sald\u0131r\u0131s\u0131n\u0131 K\u0131nad\u0131"},"content":{"rendered":"<p style=\"text-align: justify;\"><span style=\"color: #ff0000;\"><strong>ANKARA (SANA)<\/strong> &#8211;<\/span> T\u00fcrkiye Cumhurba\u015fkan\u0131 Recep Tayyip Erdo\u011fan, \u015eam&#8217;daki Mar Elias Kilisesi&#8217;ni hedef alan &#8220;menfur ter\u00f6r sald\u0131r\u0131s\u0131n\u0131&#8221; k\u0131nayarak, \u00fclkesinin Suriye halk\u0131na ve h\u00fck\u00fcmetine deste\u011fini vurgulad\u0131.<\/p>\n<p style=\"text-align: justify;\">Erdo\u011fan, X platformunda yapt\u0131\u011f\u0131 payla\u015f\u0131mda, &#8220;\u015eam&#8217;daki bir kiliseye d\u00fczenlenen menfur ter\u00f6r sald\u0131r\u0131s\u0131n\u0131 k\u0131n\u0131yor, ma\u011fdurlar\u0131n ailelerine, Suriye h\u00fck\u00fcmetine ve halk\u0131na ba\u015fsa\u011fl\u0131\u011f\u0131 diliyorum&#8221; diyerek, &#8220;Suriye&#8217;nin ba\u015fkalar\u0131yla ba\u011flant\u0131l\u0131 ter\u00f6r \u00f6rg\u00fctleri taraf\u0131ndan yeniden istikrars\u0131z bir ortama s\u00fcr\u00fcklenmesine izin vermeyece\u011fiz ve Suriye h\u00fck\u00fcmetinin ter\u00f6rle m\u00fccadele \u00e7abalar\u0131n\u0131 desteklemeye devam edece\u011fiz&#8221; ifadelerini kulland\u0131.<\/p>\n<p style=\"text-align: justify;\">T\u00fcrkiye Cumhurba\u015fkan\u0131 ayr\u0131ca, \u00fclkesinin, &#8220;Suriye&#8217;nin g\u00fcvenli\u011fini, emniyetini, i\u00e7 huzurunu, bir arada ya\u015fama k\u00fclt\u00fcr\u00fcn\u00fc ve b\u00f6lgesel istikrar\u0131n\u0131 hedef alan bu a\u015fa\u011f\u0131l\u0131k ter\u00f6r eylemine&#8221; kar\u015f\u0131 m\u00fccadelede Suriye halk\u0131 ve h\u00fck\u00fcmetinin yan\u0131nda oldu\u011funu vurgulad\u0131.<\/p>\n","protected":false},"excerpt":{"rendered":"<p>ANKARA (SANA) &#8211; T\u00fcrkiye Cumhurba\u015fkan\u0131 Recep Tayyip Erdo\u011fan, \u015eam&#8217;daki Mar Elias Kilisesi&#8217;ni hedef alan &#8220;menfur ter\u00f6r sald\u0131r\u0131s\u0131n\u0131&#8221; k\u0131nayarak, \u00fclkesinin Suriye halk\u0131na ve h\u00fck\u00fcmetine deste\u011fini vurgulad\u0131. Erdo\u011fan, X platformunda yapt\u0131\u011f\u0131 payla\u015f\u0131mda, &#8220;\u015eam&#8217;daki bir kiliseye d\u00fczenlenen menfur ter\u00f6r sald\u0131r\u0131s\u0131n\u0131 k\u0131n\u0131yor, ma\u011fdurlar\u0131n ailelerine, Suriye h\u00fck\u00fcmetine ve halk\u0131na ba\u015fsa\u011fl\u0131\u011f\u0131 diliyorum&#8221; diyerek, &#8220;Suriye&#8217;nin ba\u015fkalar\u0131yla ba\u011flant\u0131l\u0131 ter\u00f6r \u00f6rg\u00fctleri taraf\u0131ndan yeniden istikrars\u0131z &hellip;<\/p>\n","protected":false},"author":36,"featured_media":323663,"comment_status":"closed","ping_status":"closed","sticky":false,"template":"","format":"standard","meta":{"footnotes":""},"categories":[458,589,459,17988],"tags":[],"class_list":["post-323662","post","type-post","status-publish","format-standard","has-post-thumbnail","","category-dunya1","category-haber-seridi","category-haberler-arap-uluslararasi-politika","category-son-haberler"],"_links":{"self":[{"href":"https:\/\/archive.sana.sy\/tr\/index.php?rest_route=\/wp\/v2\/posts\/323662","targetHints":{"allow":["GET"]}}],"collection":[{"href":"https:\/\/archive.sana.sy\/tr\/index.php?rest_route=\/wp\/v2\/posts"}],"about":[{"href":"https:\/\/archive.sana.sy\/tr\/index.php?rest_route=\/wp\/v2\/types\/post"}],"author":[{"embeddable":true,"href":"https:\/\/archive.sana.sy\/tr\/index.php?rest_route=\/wp\/v2\/users\/36"}],"replies":[{"embeddable":true,"href":"https:\/\/archive.sana.sy\/tr\/index.php?rest_route=%2Fwp%2Fv2%2Fcomments&post=323662"}],"version-history":[{"count":4,"href":"https:\/\/archive.sana.sy\/tr\/index.php?rest_route=\/wp\/v2\/posts\/323662\/revisions"}],"predecessor-version":[{"id":323726,"href":"https:\/\/archive.sana.sy\/tr\/index.php?rest_route=\/wp\/v2\/posts\/323662\/revisions\/323726"}],"wp:featuredmedia":[{"embeddable":true,"href":"https:\/\/archive.sana.sy\/tr\/index.php?rest_route=\/wp\/v2\/media\/323663"}],"wp:attachment":[{"href":"https:\/\/archive.sana.sy\/tr\/index.php?rest_route=%2Fwp%2Fv2%2Fmedia&parent=323662"}],"wp:term":[{"taxonomy":"category","embeddable":true,"href":"https:\/\/archive.sana.sy\/tr\/index.php?rest_route=%2Fwp%2Fv2%2Fcategories&post=323662"},{"taxonomy":"post_tag","embeddable":true,"href":"https:\/\/archive.sana.sy\/tr\/index.php?rest_route=%2Fwp%2Fv2%2Ftags&post=323662"}],"curies":[{"name":"wp","href":"https:\/\/api.w.org\/{rel}","templated":true}]}}