{"id":323665,"date":"2025-06-23T11:05:33","date_gmt":"2025-06-23T08:05:33","guid":{"rendered":"https:\/\/sana.sy\/tr\/?p=323665"},"modified":"2025-06-23T16:30:25","modified_gmt":"2025-06-23T13:30:25","slug":"musluman-yaslilar-konseyi-suriyedeki-mar-elias-kilisesine-duzenlenen-terorist-saldiriyi-siddetle-kinadi","status":"publish","type":"post","link":"https:\/\/archive.sana.sy\/tr\/?p=323665","title":{"rendered":"M\u00fcsl\u00fcman Ya\u015fl\u0131lar Konseyi, Suriye&#8217;deki Mar Elias Kilisesi&#8217;ne D\u00fczenlenen Ter\u00f6rist Sald\u0131r\u0131y\u0131 \u015eiddetle K\u0131nad\u0131"},"content":{"rendered":"<p style=\"text-align: justify;\"><span style=\"color: #ff0000;\"><strong>ABU DAB\u0130 (SANA)<\/strong> &#8211;<\/span>\u00a0 M\u00fcsl\u00fcman Ya\u015fl\u0131lar Konseyi, \u015eam&#8217;\u0131n Duveylia kentindeki Mar Elias Kilisesi&#8217;ni hedef alan i\u011fren\u00e7 ter\u00f6rist bombalama sald\u0131r\u0131s\u0131n\u0131 \u015fiddetle k\u0131nad\u0131.<\/p>\n<p style=\"text-align: justify;\">Konsey, bug\u00fcn yay\u0131nlad\u0131\u011f\u0131 bildiride, \u0130slam&#8217;\u0131n, t\u00fcm ilahi dinlerin ho\u015fg\u00f6r\u00fcl\u00fc \u00f6\u011fretileriyle, uluslararas\u0131 hukuk ve normlarla, ibadethanelere sald\u0131r\u0131y\u0131 yasaklayan ve bu yerlerin korunmas\u0131n\u0131, muhafaza edilmesini ve sayg\u0131 g\u00f6sterilmesini isteyen insani ve ahlaki de\u011ferlerle tamamen ba\u011fda\u015fmayan bu t\u00fcr ter\u00f6r eylemlerini kesin bir dille reddetti\u011fini belirtti.<\/p>\n<p style=\"text-align: justify;\">Konsey ay\u0131ca, hayat\u0131n\u0131 kaybedenlerin ailelerine ba\u015fsa\u011fl\u0131\u011f\u0131 dilerken, yaral\u0131lara acil \u015fifalar diler, Allah&#8217;\u0131n Suriye&#8217;yi ve halk\u0131n\u0131 her t\u00fcrl\u00fc k\u00f6t\u00fcl\u00fckten ve beladan korumas\u0131n\u0131 temenni etti.<\/p>\n","protected":false},"excerpt":{"rendered":"<p>ABU DAB\u0130 (SANA) &#8211;\u00a0 M\u00fcsl\u00fcman Ya\u015fl\u0131lar Konseyi, \u015eam&#8217;\u0131n Duveylia kentindeki Mar Elias Kilisesi&#8217;ni hedef alan i\u011fren\u00e7 ter\u00f6rist bombalama sald\u0131r\u0131s\u0131n\u0131 \u015fiddetle k\u0131nad\u0131. Konsey, bug\u00fcn yay\u0131nlad\u0131\u011f\u0131 bildiride, \u0130slam&#8217;\u0131n, t\u00fcm ilahi dinlerin ho\u015fg\u00f6r\u00fcl\u00fc \u00f6\u011fretileriyle, uluslararas\u0131 hukuk ve normlarla, ibadethanelere sald\u0131r\u0131y\u0131 yasaklayan ve bu yerlerin korunmas\u0131n\u0131, muhafaza edilmesini ve sayg\u0131 g\u00f6sterilmesini isteyen insani ve ahlaki de\u011ferlerle tamamen ba\u011fda\u015fmayan bu &hellip;<\/p>\n","protected":false},"author":36,"featured_media":323666,"comment_status":"closed","ping_status":"closed","sticky":false,"template":"","format":"standard","meta":{"footnotes":""},"categories":[458,589,459,17988],"tags":[],"class_list":["post-323665","post","type-post","status-publish","format-standard","has-post-thumbnail","","category-dunya1","category-haber-seridi","category-haberler-arap-uluslararasi-politika","category-son-haberler"],"_links":{"self":[{"href":"https:\/\/archive.sana.sy\/tr\/index.php?rest_route=\/wp\/v2\/posts\/323665","targetHints":{"allow":["GET"]}}],"collection":[{"href":"https:\/\/archive.sana.sy\/tr\/index.php?rest_route=\/wp\/v2\/posts"}],"about":[{"href":"https:\/\/archive.sana.sy\/tr\/index.php?rest_route=\/wp\/v2\/types\/post"}],"author":[{"embeddable":true,"href":"https:\/\/archive.sana.sy\/tr\/index.php?rest_route=\/wp\/v2\/users\/36"}],"replies":[{"embeddable":true,"href":"https:\/\/archive.sana.sy\/tr\/index.php?rest_route=%2Fwp%2Fv2%2Fcomments&post=323665"}],"version-history":[{"count":2,"href":"https:\/\/archive.sana.sy\/tr\/index.php?rest_route=\/wp\/v2\/posts\/323665\/revisions"}],"predecessor-version":[{"id":323723,"href":"https:\/\/archive.sana.sy\/tr\/index.php?rest_route=\/wp\/v2\/posts\/323665\/revisions\/323723"}],"wp:featuredmedia":[{"embeddable":true,"href":"https:\/\/archive.sana.sy\/tr\/index.php?rest_route=\/wp\/v2\/media\/323666"}],"wp:attachment":[{"href":"https:\/\/archive.sana.sy\/tr\/index.php?rest_route=%2Fwp%2Fv2%2Fmedia&parent=323665"}],"wp:term":[{"taxonomy":"category","embeddable":true,"href":"https:\/\/archive.sana.sy\/tr\/index.php?rest_route=%2Fwp%2Fv2%2Fcategories&post=323665"},{"taxonomy":"post_tag","embeddable":true,"href":"https:\/\/archive.sana.sy\/tr\/index.php?rest_route=%2Fwp%2Fv2%2Ftags&post=323665"}],"curies":[{"name":"wp","href":"https:\/\/api.w.org\/{rel}","templated":true}]}}