{"id":323668,"date":"2025-06-23T11:12:43","date_gmt":"2025-06-23T08:12:43","guid":{"rendered":"https:\/\/sana.sy\/tr\/?p=323668"},"modified":"2025-06-23T16:27:35","modified_gmt":"2025-06-23T13:27:35","slug":"suriye-ve-lubnandaki-evanjelik-cemaat-samdaki-mar-elias-kilisesine-duzenlenen-teror-saldirisini-kinadi","status":"publish","type":"post","link":"https:\/\/archive.sana.sy\/tr\/?p=323668","title":{"rendered":"Suriye ve L\u00fcbnan&#8217;daki Evanjelik Cemaat, \u015eam&#8217;daki Mar Elias Kilisesi&#8217;ne D\u00fczenlenen Ter\u00f6r Sald\u0131r\u0131s\u0131n\u0131 K\u0131nad\u0131"},"content":{"rendered":"<p style=\"text-align: justify;\"><span style=\"color: #ff0000;\"><strong>BEYRUT (SANA)<\/strong> &#8211;<\/span> Suriye ve L\u00fcbnan Evanjelik Cemaati Y\u00fcksek Konseyi Ba\u015fkan\u0131 Rahip Joseph Kassab, d\u00fcn \u015eam&#8217;\u0131n Duveylia b\u00f6lgesindeki Mar Elias Kilisesi&#8217;ni hedef alan ter\u00f6rist bombal\u0131 sald\u0131r\u0131y\u0131 k\u0131nad\u0131.<\/p>\n<p style=\"text-align: justify;\">Kassab bug\u00fcn yapt\u0131\u011f\u0131 a\u00e7\u0131klamada, &#8220;Ya\u015fananlar bir kiliseye veya \u00fclkenin bir bile\u015fenine yap\u0131lan sald\u0131r\u0131n\u0131n \u00f6tesindedir, Bu, insanl\u0131\u011fa ve t\u00fcm ulusa kar\u015f\u0131 bir su\u00e7tur, bu adaletsizli\u011fi kategorik olarak reddediyor ve k\u0131n\u0131yor ve Suriye devletini t\u00fcm kurumlar\u0131yla masum vatanda\u015flar\u0131 korumaya, ibadethaneleri korumaya ve ter\u00f6rizmin her t\u00fcr\u00fcyle m\u00fccadele etmeye \u00e7a\u011f\u0131r\u0131yoruz&#8221; dedi.<\/p>\n<p style=\"text-align: justify;\">Kassab ayr\u0131ca, hayat\u0131n\u0131 kaybedenlerin ailelerine ba\u015fsa\u011fl\u0131\u011f\u0131 dilerken, yaral\u0131lara acil \u015fifalar diledi.<\/p>\n<p style=\"text-align: justify;\">\n","protected":false},"excerpt":{"rendered":"<p>BEYRUT (SANA) &#8211; Suriye ve L\u00fcbnan Evanjelik Cemaati Y\u00fcksek Konseyi Ba\u015fkan\u0131 Rahip Joseph Kassab, d\u00fcn \u015eam&#8217;\u0131n Duveylia b\u00f6lgesindeki Mar Elias Kilisesi&#8217;ni hedef alan ter\u00f6rist bombal\u0131 sald\u0131r\u0131y\u0131 k\u0131nad\u0131. Kassab bug\u00fcn yapt\u0131\u011f\u0131 a\u00e7\u0131klamada, &#8220;Ya\u015fananlar bir kiliseye veya \u00fclkenin bir bile\u015fenine yap\u0131lan sald\u0131r\u0131n\u0131n \u00f6tesindedir, Bu, insanl\u0131\u011fa ve t\u00fcm ulusa kar\u015f\u0131 bir su\u00e7tur, bu adaletsizli\u011fi kategorik olarak reddediyor ve &hellip;<\/p>\n","protected":false},"author":36,"featured_media":323669,"comment_status":"closed","ping_status":"closed","sticky":false,"template":"","format":"standard","meta":{"footnotes":""},"categories":[458,589,459,17988],"tags":[],"class_list":["post-323668","post","type-post","status-publish","format-standard","has-post-thumbnail","","category-dunya1","category-haber-seridi","category-haberler-arap-uluslararasi-politika","category-son-haberler"],"_links":{"self":[{"href":"https:\/\/archive.sana.sy\/tr\/index.php?rest_route=\/wp\/v2\/posts\/323668","targetHints":{"allow":["GET"]}}],"collection":[{"href":"https:\/\/archive.sana.sy\/tr\/index.php?rest_route=\/wp\/v2\/posts"}],"about":[{"href":"https:\/\/archive.sana.sy\/tr\/index.php?rest_route=\/wp\/v2\/types\/post"}],"author":[{"embeddable":true,"href":"https:\/\/archive.sana.sy\/tr\/index.php?rest_route=\/wp\/v2\/users\/36"}],"replies":[{"embeddable":true,"href":"https:\/\/archive.sana.sy\/tr\/index.php?rest_route=%2Fwp%2Fv2%2Fcomments&post=323668"}],"version-history":[{"count":4,"href":"https:\/\/archive.sana.sy\/tr\/index.php?rest_route=\/wp\/v2\/posts\/323668\/revisions"}],"predecessor-version":[{"id":323722,"href":"https:\/\/archive.sana.sy\/tr\/index.php?rest_route=\/wp\/v2\/posts\/323668\/revisions\/323722"}],"wp:featuredmedia":[{"embeddable":true,"href":"https:\/\/archive.sana.sy\/tr\/index.php?rest_route=\/wp\/v2\/media\/323669"}],"wp:attachment":[{"href":"https:\/\/archive.sana.sy\/tr\/index.php?rest_route=%2Fwp%2Fv2%2Fmedia&parent=323668"}],"wp:term":[{"taxonomy":"category","embeddable":true,"href":"https:\/\/archive.sana.sy\/tr\/index.php?rest_route=%2Fwp%2Fv2%2Fcategories&post=323668"},{"taxonomy":"post_tag","embeddable":true,"href":"https:\/\/archive.sana.sy\/tr\/index.php?rest_route=%2Fwp%2Fv2%2Ftags&post=323668"}],"curies":[{"name":"wp","href":"https:\/\/api.w.org\/{rel}","templated":true}]}}