{"id":323672,"date":"2025-06-23T13:05:13","date_gmt":"2025-06-23T10:05:13","guid":{"rendered":"https:\/\/sana.sy\/tr\/?p=323672"},"modified":"2025-06-23T13:05:13","modified_gmt":"2025-06-23T10:05:13","slug":"misirdaki-ortodoks-ve-katolik-kiliseleri-samdaki-teror-saldirisini-kinadi","status":"publish","type":"post","link":"https:\/\/archive.sana.sy\/tr\/?p=323672","title":{"rendered":"M\u0131s\u0131r&#8217;daki Ortodoks ve Katolik kiliseleri \u015eam&#8217;daki Ter\u00f6r Sald\u0131r\u0131s\u0131n\u0131 K\u0131nad\u0131"},"content":{"rendered":"<p style=\"text-align: justify;\"><span style=\"color: #ff0000;\"><strong>KAH\u0130RE (SANA)<\/strong> &#8211;<\/span> M\u0131s\u0131r&#8217;daki K\u0131pti Ortodoks ve Katolik kiliseleri, \u015eam&#8217;\u0131n Duveylia kentindeki Mar Elias Kilisesi&#8217;nde ger\u00e7ekle\u015fen ve \u00e7ok say\u0131da can kayb\u0131 ve yaralanmaya yol a\u00e7an hain ter\u00f6rist bombalama sald\u0131r\u0131s\u0131n\u0131 k\u0131nad\u0131.<\/p>\n<p style=\"text-align: justify;\">K\u0131pti Ortodoks Kilisesi, internet sitesinde yapt\u0131\u011f\u0131 a\u00e7\u0131klamada, &#8220;Bu i\u011fren\u00e7 eylemi ve buna benzer her t\u00fcrl\u00fc \u015fiddeti, korkutmay\u0131 ve herhangi bir insan\u0131n g\u00fcvenli bir ya\u015fam hakk\u0131na sahip olmas\u0131n\u0131n engellenmesini k\u0131n\u0131yoruz&#8221; ifadelerini kulland\u0131<\/p>\n<p style=\"text-align: justify;\">kilise ayr\u0131ca, kurbanlar\u0131n ailelerine ba\u015fsa\u011fl\u0131\u011f\u0131 diledi, yaral\u0131lara acil \u015fifalar diledi ve Suriye&#8217;ye, b\u00f6lgemizdeki t\u00fcm \u00fclkelere ve d\u00fcnyaya bar\u0131\u015f ve g\u00fcvenlik diledi.<\/p>\n<p style=\"text-align: justify;\">M\u0131s\u0131r Katolik Kilisesi ise \u015eam&#8217;\u0131n Duveylia b\u00f6lgesindeki Mar Elias Rum Ortodoks Kilisesi&#8217;ne d\u00fczenlenen ter\u00f6rist sald\u0131r\u0131y\u0131 k\u0131nayarak, d\u00fcn kiliseyi hedef alan hain intihar sald\u0131r\u0131s\u0131nda hayat\u0131n\u0131 kaybedenlerin ailelerine ba\u015fsa\u011fl\u0131\u011f\u0131 diledi.<\/p>\n<p style=\"text-align: justify;\">Kilise taraf\u0131ndan yay\u0131nlanan ve K\u0131pti Katoliklerin \u0130skenderiye Patri\u011fi ve M\u0131s\u0131r Katolik Patrikler ve Piskoposlar Konseyi Ba\u015fkan\u0131 Patrik Anba \u0130brahim \u0130shak&#8217;\u0131n imzas\u0131n\u0131 ta\u015f\u0131yan bildiride: &#8220;Bu ter\u00f6r eyleminin yaln\u0131zca masum insanlar\u0131n hayatlar\u0131n\u0131 hedef almad\u0131\u011f\u0131n\u0131, ayn\u0131 zamanda ibadethanelerin kutsall\u0131\u011f\u0131na ve insanlar\u0131n dini rit\u00fcellerini \u00f6zg\u00fcrce ve g\u00fcvenli bir \u015fekilde yerine getirme hakk\u0131na da bir sald\u0131r\u0131 olu\u015fturdu\u011funu teyit ediyoruz&#8221; diyere, \u015fiddetin asla bar\u0131\u015fa veya adalete ula\u015fman\u0131n bir yolu olamayaca\u011f\u0131n\u0131 vurgulad\u0131.<\/p>\n<p style=\"text-align: justify;\">Kilise, bu ac\u0131 trajedi kar\u015f\u0131s\u0131nda t\u00fcm Suriye halk\u0131yla tam dayan\u0131\u015fma i\u00e7inde oldu\u011funu ifade ederek, herkesi her t\u00fcrl\u00fc nefret ve a\u015f\u0131r\u0131c\u0131l\u0131\u011fa kar\u015f\u0131 birlikte durmaya \u00e7a\u011f\u0131rd\u0131.<\/p>\n","protected":false},"excerpt":{"rendered":"<p>KAH\u0130RE (SANA) &#8211; M\u0131s\u0131r&#8217;daki K\u0131pti Ortodoks ve Katolik kiliseleri, \u015eam&#8217;\u0131n Duveylia kentindeki Mar Elias Kilisesi&#8217;nde ger\u00e7ekle\u015fen ve \u00e7ok say\u0131da can kayb\u0131 ve yaralanmaya yol a\u00e7an hain ter\u00f6rist bombalama sald\u0131r\u0131s\u0131n\u0131 k\u0131nad\u0131. K\u0131pti Ortodoks Kilisesi, internet sitesinde yapt\u0131\u011f\u0131 a\u00e7\u0131klamada, &#8220;Bu i\u011fren\u00e7 eylemi ve buna benzer her t\u00fcrl\u00fc \u015fiddeti, korkutmay\u0131 ve herhangi bir insan\u0131n g\u00fcvenli bir ya\u015fam hakk\u0131na &hellip;<\/p>\n","protected":false},"author":36,"featured_media":323673,"comment_status":"closed","ping_status":"closed","sticky":false,"template":"","format":"standard","meta":{"footnotes":""},"categories":[458,589,459,17988],"tags":[],"class_list":["post-323672","post","type-post","status-publish","format-standard","has-post-thumbnail","","category-dunya1","category-haber-seridi","category-haberler-arap-uluslararasi-politika","category-son-haberler"],"_links":{"self":[{"href":"https:\/\/archive.sana.sy\/tr\/index.php?rest_route=\/wp\/v2\/posts\/323672","targetHints":{"allow":["GET"]}}],"collection":[{"href":"https:\/\/archive.sana.sy\/tr\/index.php?rest_route=\/wp\/v2\/posts"}],"about":[{"href":"https:\/\/archive.sana.sy\/tr\/index.php?rest_route=\/wp\/v2\/types\/post"}],"author":[{"embeddable":true,"href":"https:\/\/archive.sana.sy\/tr\/index.php?rest_route=\/wp\/v2\/users\/36"}],"replies":[{"embeddable":true,"href":"https:\/\/archive.sana.sy\/tr\/index.php?rest_route=%2Fwp%2Fv2%2Fcomments&post=323672"}],"version-history":[{"count":1,"href":"https:\/\/archive.sana.sy\/tr\/index.php?rest_route=\/wp\/v2\/posts\/323672\/revisions"}],"predecessor-version":[{"id":323674,"href":"https:\/\/archive.sana.sy\/tr\/index.php?rest_route=\/wp\/v2\/posts\/323672\/revisions\/323674"}],"wp:featuredmedia":[{"embeddable":true,"href":"https:\/\/archive.sana.sy\/tr\/index.php?rest_route=\/wp\/v2\/media\/323673"}],"wp:attachment":[{"href":"https:\/\/archive.sana.sy\/tr\/index.php?rest_route=%2Fwp%2Fv2%2Fmedia&parent=323672"}],"wp:term":[{"taxonomy":"category","embeddable":true,"href":"https:\/\/archive.sana.sy\/tr\/index.php?rest_route=%2Fwp%2Fv2%2Fcategories&post=323672"},{"taxonomy":"post_tag","embeddable":true,"href":"https:\/\/archive.sana.sy\/tr\/index.php?rest_route=%2Fwp%2Fv2%2Ftags&post=323672"}],"curies":[{"name":"wp","href":"https:\/\/api.w.org\/{rel}","templated":true}]}}