{"id":323675,"date":"2025-06-23T13:10:01","date_gmt":"2025-06-23T10:10:01","guid":{"rendered":"https:\/\/sana.sy\/tr\/?p=323675"},"modified":"2025-06-23T16:24:34","modified_gmt":"2025-06-23T13:24:34","slug":"ebu-geyt-samdaki-mar-elias-kilisesini-hedef-alan-teror-saldirisini-kinadi","status":"publish","type":"post","link":"https:\/\/archive.sana.sy\/tr\/?p=323675","title":{"rendered":"Ebu Geyt, \u015eam&#8217;daki Mar Elias Kilisesi&#8217;ni Hedef Alan Ter\u00f6r Sald\u0131r\u0131s\u0131n\u0131 K\u0131nad\u0131"},"content":{"rendered":"<p style=\"text-align: justify;\"><span style=\"color: #ff0000;\"><strong>KAH\u0130RE (SANA)<\/strong> &#8211;<\/span>\u00a0 Arap Birli\u011fi Genel Sekreteri Ahmed Ebu Gayt, \u015eam&#8217;\u0131n Duveylia b\u00f6lgesindeki Mar Elias Kilisesi&#8217;ni hedef alan ter\u00f6r sald\u0131r\u0131s\u0131n\u0131 sert bir dille k\u0131nayarak, sald\u0131r\u0131da hayat\u0131n\u0131 kaybedenlerin aileleri ve \u00a0Suriye h\u00fck\u00fcmeti ve halk\u0131na ba\u015fsa\u011fl\u0131\u011f\u0131 ve yaral\u0131lara\u00a0 \u015fifalar diledi.<\/p>\n<p style=\"text-align: justify;\">Arap Birli\u011fi Genel Sekreteri&#8217;nin s\u00f6zc\u00fcs\u00fc Cemal R\u00fc\u015fdi, bug\u00fcn yapt\u0131\u011f\u0131 a\u00e7\u0131klamada, Ebu Gayt&#8217;in ter\u00f6r \u00f6rg\u00fctlerinin, \u00f6zellikle de I\u015e\u0130D&#8217;in olu\u015fturdu\u011fu tehlikenin devam etti\u011fini kaydederken, Suriye h\u00fck\u00fcmetinin bu ter\u00f6r \u00f6rg\u00fctleri ve Suriye ile b\u00f6lgede i\u00e7 bar\u0131\u015f\u0131 hedef alan di\u011fer ter\u00f6r \u00f6rg\u00fctleriyle m\u00fccadele edebilece\u011fi y\u00f6n\u00fcndeki umudunu dile getirdi\u011fini belirtti.<\/p>\n<p style=\"text-align: justify;\">Ebu Gayt ayr\u0131ca, Arap Birli\u011fi&#8217;nin Suriye h\u00fck\u00fcmeti ve halk\u0131yla dayan\u0131\u015fmas\u0131n\u0131 ve t\u00fcm Suriyelilerin haklar\u0131n\u0131n korunmas\u0131 ve istikrar ile kalk\u0131nma \u00f6zlemlerinin ger\u00e7ekle\u015ftirilmesi \u00e7abalar\u0131na deste\u011fini vurgulad\u0131.<\/p>\n<p style=\"text-align: justify;\">\n","protected":false},"excerpt":{"rendered":"<p>KAH\u0130RE (SANA) &#8211;\u00a0 Arap Birli\u011fi Genel Sekreteri Ahmed Ebu Gayt, \u015eam&#8217;\u0131n Duveylia b\u00f6lgesindeki Mar Elias Kilisesi&#8217;ni hedef alan ter\u00f6r sald\u0131r\u0131s\u0131n\u0131 sert bir dille k\u0131nayarak, sald\u0131r\u0131da hayat\u0131n\u0131 kaybedenlerin aileleri ve \u00a0Suriye h\u00fck\u00fcmeti ve halk\u0131na ba\u015fsa\u011fl\u0131\u011f\u0131 ve yaral\u0131lara\u00a0 \u015fifalar diledi. Arap Birli\u011fi Genel Sekreteri&#8217;nin s\u00f6zc\u00fcs\u00fc Cemal R\u00fc\u015fdi, bug\u00fcn yapt\u0131\u011f\u0131 a\u00e7\u0131klamada, Ebu Gayt&#8217;in ter\u00f6r \u00f6rg\u00fctlerinin, \u00f6zellikle de I\u015e\u0130D&#8217;in &hellip;<\/p>\n","protected":false},"author":36,"featured_media":323676,"comment_status":"closed","ping_status":"closed","sticky":false,"template":"","format":"standard","meta":{"footnotes":""},"categories":[458,589,459,17988],"tags":[],"class_list":["post-323675","post","type-post","status-publish","format-standard","has-post-thumbnail","","category-dunya1","category-haber-seridi","category-haberler-arap-uluslararasi-politika","category-son-haberler"],"_links":{"self":[{"href":"https:\/\/archive.sana.sy\/tr\/index.php?rest_route=\/wp\/v2\/posts\/323675","targetHints":{"allow":["GET"]}}],"collection":[{"href":"https:\/\/archive.sana.sy\/tr\/index.php?rest_route=\/wp\/v2\/posts"}],"about":[{"href":"https:\/\/archive.sana.sy\/tr\/index.php?rest_route=\/wp\/v2\/types\/post"}],"author":[{"embeddable":true,"href":"https:\/\/archive.sana.sy\/tr\/index.php?rest_route=\/wp\/v2\/users\/36"}],"replies":[{"embeddable":true,"href":"https:\/\/archive.sana.sy\/tr\/index.php?rest_route=%2Fwp%2Fv2%2Fcomments&post=323675"}],"version-history":[{"count":4,"href":"https:\/\/archive.sana.sy\/tr\/index.php?rest_route=\/wp\/v2\/posts\/323675\/revisions"}],"predecessor-version":[{"id":323719,"href":"https:\/\/archive.sana.sy\/tr\/index.php?rest_route=\/wp\/v2\/posts\/323675\/revisions\/323719"}],"wp:featuredmedia":[{"embeddable":true,"href":"https:\/\/archive.sana.sy\/tr\/index.php?rest_route=\/wp\/v2\/media\/323676"}],"wp:attachment":[{"href":"https:\/\/archive.sana.sy\/tr\/index.php?rest_route=%2Fwp%2Fv2%2Fmedia&parent=323675"}],"wp:term":[{"taxonomy":"category","embeddable":true,"href":"https:\/\/archive.sana.sy\/tr\/index.php?rest_route=%2Fwp%2Fv2%2Fcategories&post=323675"},{"taxonomy":"post_tag","embeddable":true,"href":"https:\/\/archive.sana.sy\/tr\/index.php?rest_route=%2Fwp%2Fv2%2Ftags&post=323675"}],"curies":[{"name":"wp","href":"https:\/\/api.w.org\/{rel}","templated":true}]}}