{"id":323678,"date":"2025-06-23T13:14:33","date_gmt":"2025-06-23T10:14:33","guid":{"rendered":"https:\/\/sana.sy\/tr\/?p=323678"},"modified":"2025-06-23T16:03:43","modified_gmt":"2025-06-23T13:03:43","slug":"korfez-isbirligi-konseyi-terorle-mucadelede-suriyenin-yanindayiz","status":"publish","type":"post","link":"https:\/\/archive.sana.sy\/tr\/?p=323678","title":{"rendered":"K\u00f6rfez \u0130\u015fbirli\u011fi Konseyi: Ter\u00f6rle M\u00fccadelede Suriye&#8217;nin Yan\u0131nday\u0131z"},"content":{"rendered":"<p style=\"text-align: justify;\"><span style=\"color: #ff0000;\"><strong>R\u0130YAD (SANA)<\/strong> &#8211;<\/span> K\u00f6rfez \u0130\u015fbirli\u011fi Konseyi &#8220;K\u0130K&#8221; bug\u00fcn, \u015eam&#8217;\u0131n Duveylia b\u00f6lgesindeki Mar Elias Kilisesi&#8217;ni hedef alan ter\u00f6rist bombal\u0131 sald\u0131r\u0131y\u0131 sert bir dille k\u0131nayarak, ter\u00f6rle m\u00fccadelede Suriye ile &#8220;tam&#8221; dayan\u0131\u015fma i\u00e7inde oldu\u011funu belirtti.<\/p>\n<p style=\"text-align: justify;\">Konsey&#8217;in resmi internet sitesinde yay\u0131nlanan bir bildiride, Genel Sekreter Casim Muhammed El Budavi, K\u00f6rfez \u0130\u015fbirli\u011fi Konseyi \u00fclkelerinin Suriye&#8217;ye, liderli\u011fine ve halk\u0131na deste\u011fini ve g\u00fcvenlik ve istikrar\u0131 tehdit eden ter\u00f6rizmle m\u00fccadelede onunla tam dayan\u0131\u015fma i\u00e7inde olduklar\u0131n\u0131 belirtirken, t\u00fcm b\u00f6lgesel ve uluslararas\u0131 g\u00fc\u00e7leri bu konuda Suriye&#8217;nin \u00e7abalar\u0131n\u0131 desteklemek i\u00e7in g\u00fc\u00e7lerini birle\u015ftirmeye \u00e7a\u011f\u0131rd\u0131.<\/p>\n<p style=\"text-align: justify;\">\n","protected":false},"excerpt":{"rendered":"<p>R\u0130YAD (SANA) &#8211; K\u00f6rfez \u0130\u015fbirli\u011fi Konseyi &#8220;K\u0130K&#8221; bug\u00fcn, \u015eam&#8217;\u0131n Duveylia b\u00f6lgesindeki Mar Elias Kilisesi&#8217;ni hedef alan ter\u00f6rist bombal\u0131 sald\u0131r\u0131y\u0131 sert bir dille k\u0131nayarak, ter\u00f6rle m\u00fccadelede Suriye ile &#8220;tam&#8221; dayan\u0131\u015fma i\u00e7inde oldu\u011funu belirtti. Konsey&#8217;in resmi internet sitesinde yay\u0131nlanan bir bildiride, Genel Sekreter Casim Muhammed El Budavi, K\u00f6rfez \u0130\u015fbirli\u011fi Konseyi \u00fclkelerinin Suriye&#8217;ye, liderli\u011fine ve halk\u0131na deste\u011fini ve &hellip;<\/p>\n","protected":false},"author":36,"featured_media":323679,"comment_status":"closed","ping_status":"closed","sticky":false,"template":"","format":"standard","meta":{"footnotes":""},"categories":[458,589,459,17988],"tags":[],"class_list":["post-323678","post","type-post","status-publish","format-standard","has-post-thumbnail","","category-dunya1","category-haber-seridi","category-haberler-arap-uluslararasi-politika","category-son-haberler"],"_links":{"self":[{"href":"https:\/\/archive.sana.sy\/tr\/index.php?rest_route=\/wp\/v2\/posts\/323678","targetHints":{"allow":["GET"]}}],"collection":[{"href":"https:\/\/archive.sana.sy\/tr\/index.php?rest_route=\/wp\/v2\/posts"}],"about":[{"href":"https:\/\/archive.sana.sy\/tr\/index.php?rest_route=\/wp\/v2\/types\/post"}],"author":[{"embeddable":true,"href":"https:\/\/archive.sana.sy\/tr\/index.php?rest_route=\/wp\/v2\/users\/36"}],"replies":[{"embeddable":true,"href":"https:\/\/archive.sana.sy\/tr\/index.php?rest_route=%2Fwp%2Fv2%2Fcomments&post=323678"}],"version-history":[{"count":1,"href":"https:\/\/archive.sana.sy\/tr\/index.php?rest_route=\/wp\/v2\/posts\/323678\/revisions"}],"predecessor-version":[{"id":323680,"href":"https:\/\/archive.sana.sy\/tr\/index.php?rest_route=\/wp\/v2\/posts\/323678\/revisions\/323680"}],"wp:featuredmedia":[{"embeddable":true,"href":"https:\/\/archive.sana.sy\/tr\/index.php?rest_route=\/wp\/v2\/media\/323679"}],"wp:attachment":[{"href":"https:\/\/archive.sana.sy\/tr\/index.php?rest_route=%2Fwp%2Fv2%2Fmedia&parent=323678"}],"wp:term":[{"taxonomy":"category","embeddable":true,"href":"https:\/\/archive.sana.sy\/tr\/index.php?rest_route=%2Fwp%2Fv2%2Fcategories&post=323678"},{"taxonomy":"post_tag","embeddable":true,"href":"https:\/\/archive.sana.sy\/tr\/index.php?rest_route=%2Fwp%2Fv2%2Ftags&post=323678"}],"curies":[{"name":"wp","href":"https:\/\/api.w.org\/{rel}","templated":true}]}}