{"id":323681,"date":"2025-06-23T13:18:30","date_gmt":"2025-06-23T10:18:30","guid":{"rendered":"https:\/\/sana.sy\/tr\/?p=323681"},"modified":"2025-06-23T15:41:12","modified_gmt":"2025-06-23T12:41:12","slug":"ab-samdaki-kiliseye-duzenlenen-teror-saldirisi-alcakca-ve-korkakca","status":"publish","type":"post","link":"https:\/\/archive.sana.sy\/tr\/?p=323681","title":{"rendered":"AB: \u015eam&#8217;daki Kiliseye D\u00fczenlenen Ter\u00f6r Sald\u0131r\u0131s\u0131 Al\u00e7ak\u00e7a ve Korkak\u00e7a"},"content":{"rendered":"<p style=\"text-align: justify;\"><span style=\"color: #ff0000;\"><strong>BR\u00dcKSEL (SANA)<\/strong> &#8211;<\/span> Avrupa Birli\u011fi, \u015eam&#8217;daki Mar Elias Kilisesi&#8217;ni hedef alan ve \u00e7ok say\u0131da ki\u015finin hayat\u0131n\u0131 kaybetmesine neden olan ter\u00f6r sald\u0131r\u0131s\u0131n\u0131 sert bir dille k\u0131nayarak, sald\u0131r\u0131y\u0131 al\u00e7ak\u00e7a ve korkak\u00e7a olarak nitelendirdi.<\/p>\n<p style=\"text-align: justify;\">AB, internet sitesinde yay\u0131mlad\u0131\u011f\u0131 bildiride, ter\u00f6r tehdidiyle m\u00fccadele ve I\u015e\u0130D ve di\u011fer ter\u00f6r \u00f6rg\u00fctlerinin tamamen ortadan kald\u0131r\u0131lmas\u0131 i\u00e7in \u00e7abalar\u0131n yo\u011funla\u015ft\u0131r\u0131lmas\u0131 gerekti\u011fini vurgulad\u0131.<\/p>\n<p style=\"text-align: justify;\">Birlik ayr\u0131ca, hayat\u0131n\u0131 kaybedenlerin ailelerine ba\u015fsa\u011fl\u0131\u011f\u0131 diledi\u011fini, Suriye halk\u0131yla dayan\u0131\u015fma i\u00e7inde oldu\u011funu ve Suriye yetkililerinin ayr\u0131mc\u0131l\u0131k yap\u0131lmaks\u0131z\u0131n t\u00fcm Suriyelilerin g\u00fcvenli\u011fini sa\u011flamak i\u00e7in g\u00f6sterdi\u011fi t\u00fcm \u00e7abalara destek verdi\u011fini ifade etti.<\/p>\n","protected":false},"excerpt":{"rendered":"<p>BR\u00dcKSEL (SANA) &#8211; Avrupa Birli\u011fi, \u015eam&#8217;daki Mar Elias Kilisesi&#8217;ni hedef alan ve \u00e7ok say\u0131da ki\u015finin hayat\u0131n\u0131 kaybetmesine neden olan ter\u00f6r sald\u0131r\u0131s\u0131n\u0131 sert bir dille k\u0131nayarak, sald\u0131r\u0131y\u0131 al\u00e7ak\u00e7a ve korkak\u00e7a olarak nitelendirdi. AB, internet sitesinde yay\u0131mlad\u0131\u011f\u0131 bildiride, ter\u00f6r tehdidiyle m\u00fccadele ve I\u015e\u0130D ve di\u011fer ter\u00f6r \u00f6rg\u00fctlerinin tamamen ortadan kald\u0131r\u0131lmas\u0131 i\u00e7in \u00e7abalar\u0131n yo\u011funla\u015ft\u0131r\u0131lmas\u0131 gerekti\u011fini vurgulad\u0131. Birlik ayr\u0131ca, &hellip;<\/p>\n","protected":false},"author":36,"featured_media":323682,"comment_status":"closed","ping_status":"closed","sticky":false,"template":"","format":"standard","meta":{"footnotes":""},"categories":[458,589,459,17988],"tags":[],"class_list":["post-323681","post","type-post","status-publish","format-standard","has-post-thumbnail","","category-dunya1","category-haber-seridi","category-haberler-arap-uluslararasi-politika","category-son-haberler"],"_links":{"self":[{"href":"https:\/\/archive.sana.sy\/tr\/index.php?rest_route=\/wp\/v2\/posts\/323681","targetHints":{"allow":["GET"]}}],"collection":[{"href":"https:\/\/archive.sana.sy\/tr\/index.php?rest_route=\/wp\/v2\/posts"}],"about":[{"href":"https:\/\/archive.sana.sy\/tr\/index.php?rest_route=\/wp\/v2\/types\/post"}],"author":[{"embeddable":true,"href":"https:\/\/archive.sana.sy\/tr\/index.php?rest_route=\/wp\/v2\/users\/36"}],"replies":[{"embeddable":true,"href":"https:\/\/archive.sana.sy\/tr\/index.php?rest_route=%2Fwp%2Fv2%2Fcomments&post=323681"}],"version-history":[{"count":3,"href":"https:\/\/archive.sana.sy\/tr\/index.php?rest_route=\/wp\/v2\/posts\/323681\/revisions"}],"predecessor-version":[{"id":323712,"href":"https:\/\/archive.sana.sy\/tr\/index.php?rest_route=\/wp\/v2\/posts\/323681\/revisions\/323712"}],"wp:featuredmedia":[{"embeddable":true,"href":"https:\/\/archive.sana.sy\/tr\/index.php?rest_route=\/wp\/v2\/media\/323682"}],"wp:attachment":[{"href":"https:\/\/archive.sana.sy\/tr\/index.php?rest_route=%2Fwp%2Fv2%2Fmedia&parent=323681"}],"wp:term":[{"taxonomy":"category","embeddable":true,"href":"https:\/\/archive.sana.sy\/tr\/index.php?rest_route=%2Fwp%2Fv2%2Fcategories&post=323681"},{"taxonomy":"post_tag","embeddable":true,"href":"https:\/\/archive.sana.sy\/tr\/index.php?rest_route=%2Fwp%2Fv2%2Ftags&post=323681"}],"curies":[{"name":"wp","href":"https:\/\/api.w.org\/{rel}","templated":true}]}}