{"id":323684,"date":"2025-06-23T13:22:43","date_gmt":"2025-06-23T10:22:43","guid":{"rendered":"https:\/\/sana.sy\/tr\/?p=323684"},"modified":"2025-06-23T15:39:28","modified_gmt":"2025-06-23T12:39:28","slug":"macron-suriye-halkinin-terore-karsi-ve-baris-icin-verdigi-mucadeleyi-destekliyoruz","status":"publish","type":"post","link":"https:\/\/archive.sana.sy\/tr\/?p=323684","title":{"rendered":"Macron: Suriye Halk\u0131n\u0131n Ter\u00f6re Kar\u015f\u0131 ve Bar\u0131\u015f \u0130\u00e7in Verdi\u011fi M\u00fccadeleyi Destekliyoruz"},"content":{"rendered":"<p style=\"text-align: justify;\"><span style=\"color: #ff0000;\"><strong>PAR\u0130S (SANA)<\/strong> &#8211;<\/span>\u00a0 Fransa Cumhurba\u015fkan\u0131 Emmanuel Macron, d\u00fcn \u015eam&#8217;\u0131n Duveylia B\u00f6lgesindeki Mar Elias Kilisesi&#8217;ni hedef alan ter\u00f6r sald\u0131r\u0131s\u0131n\u0131 k\u0131nad\u0131.<\/p>\n<p style=\"text-align: justify;\">Macron, X platformunda yapt\u0131\u011f\u0131 payla\u015f\u0131mda, &#8220;\u015eam&#8217;daki Mar Elias Kilisesi&#8217;ne i\u011fren\u00e7 bir sald\u0131r\u0131 d\u00fczenlendi&#8221; ifadelerini kullanarak, ma\u011fdurlar\u0131n aileleri ve yaral\u0131larla dayan\u0131\u015fmas\u0131n\u0131 dile getirdi.<\/p>\n<p style=\"text-align: justify;\">Fransa Cumhurba\u015fkan\u0131 ayr\u0131ca, \u00fclkesinin Suriye halk\u0131na ter\u00f6rle m\u00fccadele ve bar\u0131\u015f\u0131n yeniden sa\u011flanmas\u0131 y\u00f6n\u00fcndeki m\u00fccadelesinde deste\u011fini yineledi.<\/p>\n","protected":false},"excerpt":{"rendered":"<p>PAR\u0130S (SANA) &#8211;\u00a0 Fransa Cumhurba\u015fkan\u0131 Emmanuel Macron, d\u00fcn \u015eam&#8217;\u0131n Duveylia B\u00f6lgesindeki Mar Elias Kilisesi&#8217;ni hedef alan ter\u00f6r sald\u0131r\u0131s\u0131n\u0131 k\u0131nad\u0131. Macron, X platformunda yapt\u0131\u011f\u0131 payla\u015f\u0131mda, &#8220;\u015eam&#8217;daki Mar Elias Kilisesi&#8217;ne i\u011fren\u00e7 bir sald\u0131r\u0131 d\u00fczenlendi&#8221; ifadelerini kullanarak, ma\u011fdurlar\u0131n aileleri ve yaral\u0131larla dayan\u0131\u015fmas\u0131n\u0131 dile getirdi. Fransa Cumhurba\u015fkan\u0131 ayr\u0131ca, \u00fclkesinin Suriye halk\u0131na ter\u00f6rle m\u00fccadele ve bar\u0131\u015f\u0131n yeniden sa\u011flanmas\u0131 y\u00f6n\u00fcndeki m\u00fccadelesinde &hellip;<\/p>\n","protected":false},"author":36,"featured_media":323685,"comment_status":"closed","ping_status":"closed","sticky":false,"template":"","format":"standard","meta":{"footnotes":""},"categories":[458,589,459,17988],"tags":[],"class_list":["post-323684","post","type-post","status-publish","format-standard","has-post-thumbnail","","category-dunya1","category-haber-seridi","category-haberler-arap-uluslararasi-politika","category-son-haberler"],"_links":{"self":[{"href":"https:\/\/archive.sana.sy\/tr\/index.php?rest_route=\/wp\/v2\/posts\/323684","targetHints":{"allow":["GET"]}}],"collection":[{"href":"https:\/\/archive.sana.sy\/tr\/index.php?rest_route=\/wp\/v2\/posts"}],"about":[{"href":"https:\/\/archive.sana.sy\/tr\/index.php?rest_route=\/wp\/v2\/types\/post"}],"author":[{"embeddable":true,"href":"https:\/\/archive.sana.sy\/tr\/index.php?rest_route=\/wp\/v2\/users\/36"}],"replies":[{"embeddable":true,"href":"https:\/\/archive.sana.sy\/tr\/index.php?rest_route=%2Fwp%2Fv2%2Fcomments&post=323684"}],"version-history":[{"count":2,"href":"https:\/\/archive.sana.sy\/tr\/index.php?rest_route=\/wp\/v2\/posts\/323684\/revisions"}],"predecessor-version":[{"id":323710,"href":"https:\/\/archive.sana.sy\/tr\/index.php?rest_route=\/wp\/v2\/posts\/323684\/revisions\/323710"}],"wp:featuredmedia":[{"embeddable":true,"href":"https:\/\/archive.sana.sy\/tr\/index.php?rest_route=\/wp\/v2\/media\/323685"}],"wp:attachment":[{"href":"https:\/\/archive.sana.sy\/tr\/index.php?rest_route=%2Fwp%2Fv2%2Fmedia&parent=323684"}],"wp:term":[{"taxonomy":"category","embeddable":true,"href":"https:\/\/archive.sana.sy\/tr\/index.php?rest_route=%2Fwp%2Fv2%2Fcategories&post=323684"},{"taxonomy":"post_tag","embeddable":true,"href":"https:\/\/archive.sana.sy\/tr\/index.php?rest_route=%2Fwp%2Fv2%2Ftags&post=323684"}],"curies":[{"name":"wp","href":"https:\/\/api.w.org\/{rel}","templated":true}]}}