{"id":323687,"date":"2025-06-23T13:27:16","date_gmt":"2025-06-23T10:27:16","guid":{"rendered":"https:\/\/sana.sy\/tr\/?p=323687"},"modified":"2025-06-23T15:38:25","modified_gmt":"2025-06-23T12:38:25","slug":"misir-vakiflar-bakani-samdaki-bir-kiliseye-saldiri-insanliga-yonelik-bir-saldiridir","status":"publish","type":"post","link":"https:\/\/archive.sana.sy\/tr\/?p=323687","title":{"rendered":"M\u0131s\u0131r Vak\u0131flar Bakan\u0131: \u015eam&#8217;daki Bir Kiliseye Sald\u0131r\u0131 \u0130nsanl\u0131\u011fa Y\u00f6nelik Bir Sald\u0131r\u0131d\u0131r"},"content":{"rendered":"<p style=\"text-align: justify;\"><span style=\"color: #ff0000;\"><strong>KAH\u0130RE (SANA)<\/strong> &#8211;<\/span>\u00a0 M\u0131s\u0131r Vak\u0131flar Bakan\u0131 Usame El Ezheri, d\u00fcn \u015eam&#8217;\u0131n Duveylia b\u00f6lgesindeki Mar Elias Kilisesi&#8217;ni hedef alan ve \u00e7ok say\u0131da masum insan\u0131n hayat\u0131n\u0131 kaybetmesine ve yaralanmas\u0131na yol a\u00e7an hain ter\u00f6r sald\u0131r\u0131s\u0131n\u0131 en sert \u015fekilde k\u0131nad\u0131.<\/p>\n<p style=\"text-align: justify;\">Bakan bug\u00fcn yapt\u0131\u011f\u0131 a\u00e7\u0131klamada, &#8220;\u0130badet yerlerini hedef almak, t\u00fcm ilahi dinlerin \u00f6\u011fretilerine ayk\u0131r\u0131, i\u011fren\u00e7 bir su\u00e7tur ve ibadet yerlerinin kutsall\u0131\u011f\u0131na, toplumlar\u0131n g\u00fcvenli\u011fi ve istikrar\u0131na, ortak dini ve insani de\u011ferlere a\u00e7\u0131k bir sald\u0131r\u0131d\u0131r&#8221; dedi.<\/p>\n<p style=\"text-align: justify;\">Bakan El Ezheri ayr\u0131ca, hayat\u0131n\u0131 kaybedenlerin ailelerine ve karde\u015f Suriye halk\u0131na en i\u00e7ten taziyelerini sunarak, Y\u00fcce Allah&#8217;tan kurbanlara rahmet, yaral\u0131lara acil \u015fifalar, Suriye&#8217;yi ve di\u011fer t\u00fcm \u00fclkeleri ter\u00f6r ve sald\u0131rganl\u0131k belas\u0131ndan korumas\u0131n\u0131 niyaz etti.<\/p>\n","protected":false},"excerpt":{"rendered":"<p>KAH\u0130RE (SANA) &#8211;\u00a0 M\u0131s\u0131r Vak\u0131flar Bakan\u0131 Usame El Ezheri, d\u00fcn \u015eam&#8217;\u0131n Duveylia b\u00f6lgesindeki Mar Elias Kilisesi&#8217;ni hedef alan ve \u00e7ok say\u0131da masum insan\u0131n hayat\u0131n\u0131 kaybetmesine ve yaralanmas\u0131na yol a\u00e7an hain ter\u00f6r sald\u0131r\u0131s\u0131n\u0131 en sert \u015fekilde k\u0131nad\u0131. Bakan bug\u00fcn yapt\u0131\u011f\u0131 a\u00e7\u0131klamada, &#8220;\u0130badet yerlerini hedef almak, t\u00fcm ilahi dinlerin \u00f6\u011fretilerine ayk\u0131r\u0131, i\u011fren\u00e7 bir su\u00e7tur ve ibadet yerlerinin &hellip;<\/p>\n","protected":false},"author":36,"featured_media":323688,"comment_status":"closed","ping_status":"closed","sticky":false,"template":"","format":"standard","meta":{"footnotes":""},"categories":[458,589,459,17988],"tags":[],"class_list":["post-323687","post","type-post","status-publish","format-standard","has-post-thumbnail","","category-dunya1","category-haber-seridi","category-haberler-arap-uluslararasi-politika","category-son-haberler"],"_links":{"self":[{"href":"https:\/\/archive.sana.sy\/tr\/index.php?rest_route=\/wp\/v2\/posts\/323687","targetHints":{"allow":["GET"]}}],"collection":[{"href":"https:\/\/archive.sana.sy\/tr\/index.php?rest_route=\/wp\/v2\/posts"}],"about":[{"href":"https:\/\/archive.sana.sy\/tr\/index.php?rest_route=\/wp\/v2\/types\/post"}],"author":[{"embeddable":true,"href":"https:\/\/archive.sana.sy\/tr\/index.php?rest_route=\/wp\/v2\/users\/36"}],"replies":[{"embeddable":true,"href":"https:\/\/archive.sana.sy\/tr\/index.php?rest_route=%2Fwp%2Fv2%2Fcomments&post=323687"}],"version-history":[{"count":2,"href":"https:\/\/archive.sana.sy\/tr\/index.php?rest_route=\/wp\/v2\/posts\/323687\/revisions"}],"predecessor-version":[{"id":323709,"href":"https:\/\/archive.sana.sy\/tr\/index.php?rest_route=\/wp\/v2\/posts\/323687\/revisions\/323709"}],"wp:featuredmedia":[{"embeddable":true,"href":"https:\/\/archive.sana.sy\/tr\/index.php?rest_route=\/wp\/v2\/media\/323688"}],"wp:attachment":[{"href":"https:\/\/archive.sana.sy\/tr\/index.php?rest_route=%2Fwp%2Fv2%2Fmedia&parent=323687"}],"wp:term":[{"taxonomy":"category","embeddable":true,"href":"https:\/\/archive.sana.sy\/tr\/index.php?rest_route=%2Fwp%2Fv2%2Fcategories&post=323687"},{"taxonomy":"post_tag","embeddable":true,"href":"https:\/\/archive.sana.sy\/tr\/index.php?rest_route=%2Fwp%2Fv2%2Ftags&post=323687"}],"curies":[{"name":"wp","href":"https:\/\/api.w.org\/{rel}","templated":true}]}}