{"id":323690,"date":"2025-06-23T13:31:33","date_gmt":"2025-06-23T10:31:33","guid":{"rendered":"https:\/\/sana.sy\/tr\/?p=323690"},"modified":"2025-06-23T15:37:09","modified_gmt":"2025-06-23T12:37:09","slug":"arap-parlamentosu-samdaki-terorist-bombalama-eylemi-insani-ilkelerin-acik-bir-ihlalidir","status":"publish","type":"post","link":"https:\/\/archive.sana.sy\/tr\/?p=323690","title":{"rendered":"Arap Parlamentosu: \u015eam&#8217;daki Ter\u00f6rist Bombalama Eylemi \u0130nsani \u0130lkelerin A\u00e7\u0131k Bir \u0130hlalidir"},"content":{"rendered":"<p style=\"text-align: justify;\"><span style=\"color: #ff0000;\"><strong>KAH\u0130RE (SANA)<\/strong> &#8211;<\/span>\u00a0 Arap Parlamentosu, \u015eam&#8217;daki Mar Elias Kilisesi&#8217;ni hedef alan ve \u00e7ok say\u0131da masum can kayb\u0131 ve yaralanmaya yol a\u00e7an i\u011fren\u00e7 ter\u00f6rist bombalama sald\u0131r\u0131s\u0131n\u0131 en sert ifadelerle k\u0131nayarak, bunun ibadethanelerin kutsall\u0131\u011f\u0131na y\u00f6nelik a\u00e7\u0131k bir sald\u0131r\u0131 ve sivillerin g\u00fcvenli\u011fine ve emniyetine do\u011frudan bir tehdit olu\u015fturdu\u011funu vurgulad\u0131.<\/p>\n<p style=\"text-align: justify;\">Arap Parlamentosu, web sitesinde yay\u0131nlanan bir a\u00e7\u0131klamada, bu korkak\u00e7a su\u00e7 eyleminin t\u00fcm insani ilkelerin, dini de\u011ferlerin ve uluslararas\u0131 insani hukukun a\u00e7\u0131k bir ihlali oldu\u011funu vurgularken, ma\u011fdurlar\u0131n ailelerine ba\u015fsa\u011fl\u0131\u011f\u0131 diledi\u011fini, Suriye halk\u0131yla dayan\u0131\u015fma i\u00e7inde oldu\u011funu ve Suriye yetkililerinin ayr\u0131mc\u0131l\u0131k yapmadan t\u00fcm vatanda\u015flar\u0131n g\u00fcvenli\u011fini sa\u011flamak i\u00e7in yapt\u0131\u011f\u0131 t\u00fcm \u00e7abalara deste\u011fini ifade etti.<\/p>\n<p style=\"text-align: justify;\">Parlamento ayr\u0131ca, bu ac\u0131 verici ko\u015fullarda Suriye&#8217;nin, Suriye y\u00f6netiminin, h\u00fck\u00fcmetinin ve halk\u0131n\u0131n yan\u0131nda oldu\u011funu ifade ederek, her t\u00fcrl\u00fc \u015fiddete, ter\u00f6rizme ve a\u015f\u0131r\u0131c\u0131l\u0131\u011fa kar\u015f\u0131 kararl\u0131 duru\u015funu bir kez daha kaydetti.<\/p>\n<p style=\"text-align: justify;\">\n","protected":false},"excerpt":{"rendered":"<p>KAH\u0130RE (SANA) &#8211;\u00a0 Arap Parlamentosu, \u015eam&#8217;daki Mar Elias Kilisesi&#8217;ni hedef alan ve \u00e7ok say\u0131da masum can kayb\u0131 ve yaralanmaya yol a\u00e7an i\u011fren\u00e7 ter\u00f6rist bombalama sald\u0131r\u0131s\u0131n\u0131 en sert ifadelerle k\u0131nayarak, bunun ibadethanelerin kutsall\u0131\u011f\u0131na y\u00f6nelik a\u00e7\u0131k bir sald\u0131r\u0131 ve sivillerin g\u00fcvenli\u011fine ve emniyetine do\u011frudan bir tehdit olu\u015fturdu\u011funu vurgulad\u0131. Arap Parlamentosu, web sitesinde yay\u0131nlanan bir a\u00e7\u0131klamada, bu korkak\u00e7a &hellip;<\/p>\n","protected":false},"author":36,"featured_media":323691,"comment_status":"closed","ping_status":"closed","sticky":false,"template":"","format":"standard","meta":{"footnotes":""},"categories":[458,589,459,17988],"tags":[],"class_list":["post-323690","post","type-post","status-publish","format-standard","has-post-thumbnail","","category-dunya1","category-haber-seridi","category-haberler-arap-uluslararasi-politika","category-son-haberler"],"_links":{"self":[{"href":"https:\/\/archive.sana.sy\/tr\/index.php?rest_route=\/wp\/v2\/posts\/323690","targetHints":{"allow":["GET"]}}],"collection":[{"href":"https:\/\/archive.sana.sy\/tr\/index.php?rest_route=\/wp\/v2\/posts"}],"about":[{"href":"https:\/\/archive.sana.sy\/tr\/index.php?rest_route=\/wp\/v2\/types\/post"}],"author":[{"embeddable":true,"href":"https:\/\/archive.sana.sy\/tr\/index.php?rest_route=\/wp\/v2\/users\/36"}],"replies":[{"embeddable":true,"href":"https:\/\/archive.sana.sy\/tr\/index.php?rest_route=%2Fwp%2Fv2%2Fcomments&post=323690"}],"version-history":[{"count":3,"href":"https:\/\/archive.sana.sy\/tr\/index.php?rest_route=\/wp\/v2\/posts\/323690\/revisions"}],"predecessor-version":[{"id":323708,"href":"https:\/\/archive.sana.sy\/tr\/index.php?rest_route=\/wp\/v2\/posts\/323690\/revisions\/323708"}],"wp:featuredmedia":[{"embeddable":true,"href":"https:\/\/archive.sana.sy\/tr\/index.php?rest_route=\/wp\/v2\/media\/323691"}],"wp:attachment":[{"href":"https:\/\/archive.sana.sy\/tr\/index.php?rest_route=%2Fwp%2Fv2%2Fmedia&parent=323690"}],"wp:term":[{"taxonomy":"category","embeddable":true,"href":"https:\/\/archive.sana.sy\/tr\/index.php?rest_route=%2Fwp%2Fv2%2Fcategories&post=323690"},{"taxonomy":"post_tag","embeddable":true,"href":"https:\/\/archive.sana.sy\/tr\/index.php?rest_route=%2Fwp%2Fv2%2Ftags&post=323690"}],"curies":[{"name":"wp","href":"https:\/\/api.w.org\/{rel}","templated":true}]}}