{"id":323693,"date":"2025-06-23T13:55:24","date_gmt":"2025-06-23T10:55:24","guid":{"rendered":"https:\/\/sana.sy\/tr\/?p=323693"},"modified":"2025-06-25T08:33:10","modified_gmt":"2025-06-25T05:33:10","slug":"samin-duveylia-bolgesindeki-mar-elias-kilisesine-duzenlenen-bombali-saldirida-olu-sayisi-25e-yukseldi","status":"publish","type":"post","link":"https:\/\/archive.sana.sy\/tr\/?p=323693","title":{"rendered":"\u015eam&#8217;\u0131n Duveylia b\u00f6lgesindeki Mar Elias Kilisesi&#8217;ne D\u00fczenlenen Bombal\u0131 Sald\u0131r\u0131da \u00d6l\u00fc Say\u0131s\u0131 25&#8217;e Y\u00fckseldi"},"content":{"rendered":"<p style=\"text-align: justify;\"><span style=\"color: #ff0000;\"><strong>\u015eAM (SANA)<\/strong> &#8211;<\/span>\u00a0 Sa\u011fl\u0131k Bakanl\u0131\u011f\u0131, d\u00fcn \u015eam&#8217;\u0131n Duveylia b\u00f6lgesindeki Mar Elias Kilisesi&#8217;ni hedef alan ter\u00f6r sald\u0131r\u0131s\u0131nda \u00f6l\u00fc say\u0131s\u0131n\u0131n 25&#8217;e y\u00fckseldi\u011fini, 63 ki\u015finin de yaraland\u0131\u011f\u0131n\u0131 ilan etti.<\/p>\n<p style=\"text-align: justify;\">\u0130\u00e7i\u015fleri Bakanl\u0131\u011f\u0131 s\u00f6zc\u00fcs\u00fc Nureddin El Baba d\u00fcn d\u00fczenledi\u011fi bas\u0131n toplant\u0131s\u0131nda, ilk soru\u015fturmalar\u0131n \u015eam&#8217;daki Mar Elias Kilisesi&#8217;ni hedef alan bombalaman\u0131n &#8220;I\u015e\u0130D&#8221; taraf\u0131ndan ger\u00e7ekle\u015ftirilen bir ter\u00f6r sald\u0131r\u0131s\u0131 oldu\u011funu g\u00f6sterdi\u011fini belirtirken, olay\u0131n ko\u015fullar\u0131n\u0131 belirlemek ve failleri tespit etmek i\u00e7in ilgili makamlarla birlikte bilgi toplamak ve soru\u015fturmalar y\u00fcr\u00fctmek gerekti\u011fini vurgulad\u0131.<\/p>\n<div id='gallery-1' class='gallery galleryid-323693 gallery-columns-2 gallery-size-full'><figure class='gallery-item'>\n\t\t\t<div class='gallery-icon landscape'>\n\t\t\t\t<a href='https:\/\/archive.sana.sy\/tr\/wp-content\/uploads\/2025\/06\/photo_2025-06-22_19-37-02-1.jpg'><img loading=\"lazy\" decoding=\"async\" width=\"1280\" height=\"960\" src=\"https:\/\/archive.sana.sy\/tr\/wp-content\/uploads\/2025\/06\/photo_2025-06-22_19-37-02-1.jpg\" class=\"attachment-full size-full\" alt=\"\" srcset=\"https:\/\/archive.sana.sy\/tr\/wp-content\/uploads\/2025\/06\/photo_2025-06-22_19-37-02-1.jpg 1280w, https:\/\/archive.sana.sy\/tr\/wp-content\/uploads\/2025\/06\/photo_2025-06-22_19-37-02-1-300x225.jpg 300w, https:\/\/archive.sana.sy\/tr\/wp-content\/uploads\/2025\/06\/photo_2025-06-22_19-37-02-1-1024x768.jpg 1024w, https:\/\/archive.sana.sy\/tr\/wp-content\/uploads\/2025\/06\/photo_2025-06-22_19-37-02-1-768x576.jpg 768w\" sizes=\"auto, (max-width: 1280px) 100vw, 1280px\" \/><\/a>\n\t\t\t<\/div><\/figure><figure class='gallery-item'>\n\t\t\t<div class='gallery-icon landscape'>\n\t\t\t\t<a href='https:\/\/archive.sana.sy\/tr\/wp-content\/uploads\/2025\/06\/photo_2025-06-22_19-37-03-2.jpg'><img loading=\"lazy\" decoding=\"async\" width=\"1280\" height=\"960\" src=\"https:\/\/archive.sana.sy\/tr\/wp-content\/uploads\/2025\/06\/photo_2025-06-22_19-37-03-2.jpg\" class=\"attachment-full size-full\" alt=\"\" srcset=\"https:\/\/archive.sana.sy\/tr\/wp-content\/uploads\/2025\/06\/photo_2025-06-22_19-37-03-2.jpg 1280w, https:\/\/archive.sana.sy\/tr\/wp-content\/uploads\/2025\/06\/photo_2025-06-22_19-37-03-2-300x225.jpg 300w, https:\/\/archive.sana.sy\/tr\/wp-content\/uploads\/2025\/06\/photo_2025-06-22_19-37-03-2-1024x768.jpg 1024w, https:\/\/archive.sana.sy\/tr\/wp-content\/uploads\/2025\/06\/photo_2025-06-22_19-37-03-2-768x576.jpg 768w\" sizes=\"auto, (max-width: 1280px) 100vw, 1280px\" \/><\/a>\n\t\t\t<\/div><\/figure><figure class='gallery-item'>\n\t\t\t<div class='gallery-icon landscape'>\n\t\t\t\t<a href='https:\/\/archive.sana.sy\/tr\/wp-content\/uploads\/2025\/06\/photo_2025-06-22_21-09-52.jpg'><img loading=\"lazy\" decoding=\"async\" width=\"1280\" height=\"853\" src=\"https:\/\/archive.sana.sy\/tr\/wp-content\/uploads\/2025\/06\/photo_2025-06-22_21-09-52.jpg\" class=\"attachment-full size-full\" alt=\"\" srcset=\"https:\/\/archive.sana.sy\/tr\/wp-content\/uploads\/2025\/06\/photo_2025-06-22_21-09-52.jpg 1280w, https:\/\/archive.sana.sy\/tr\/wp-content\/uploads\/2025\/06\/photo_2025-06-22_21-09-52-300x200.jpg 300w, https:\/\/archive.sana.sy\/tr\/wp-content\/uploads\/2025\/06\/photo_2025-06-22_21-09-52-1024x682.jpg 1024w, https:\/\/archive.sana.sy\/tr\/wp-content\/uploads\/2025\/06\/photo_2025-06-22_21-09-52-768x512.jpg 768w\" sizes=\"auto, (max-width: 1280px) 100vw, 1280px\" \/><\/a>\n\t\t\t<\/div><\/figure><figure class='gallery-item'>\n\t\t\t<div class='gallery-icon landscape'>\n\t\t\t\t<a href='https:\/\/archive.sana.sy\/tr\/wp-content\/uploads\/2025\/06\/photo_2025-06-22_21-09-52-2.jpg'><img loading=\"lazy\" decoding=\"async\" width=\"1280\" height=\"853\" src=\"https:\/\/archive.sana.sy\/tr\/wp-content\/uploads\/2025\/06\/photo_2025-06-22_21-09-52-2.jpg\" class=\"attachment-full size-full\" alt=\"\" srcset=\"https:\/\/archive.sana.sy\/tr\/wp-content\/uploads\/2025\/06\/photo_2025-06-22_21-09-52-2.jpg 1280w, https:\/\/archive.sana.sy\/tr\/wp-content\/uploads\/2025\/06\/photo_2025-06-22_21-09-52-2-300x200.jpg 300w, https:\/\/archive.sana.sy\/tr\/wp-content\/uploads\/2025\/06\/photo_2025-06-22_21-09-52-2-1024x682.jpg 1024w, https:\/\/archive.sana.sy\/tr\/wp-content\/uploads\/2025\/06\/photo_2025-06-22_21-09-52-2-768x512.jpg 768w\" sizes=\"auto, (max-width: 1280px) 100vw, 1280px\" \/><\/a>\n\t\t\t<\/div><\/figure><figure class='gallery-item'>\n\t\t\t<div class='gallery-icon landscape'>\n\t\t\t\t<a href='https:\/\/archive.sana.sy\/tr\/wp-content\/uploads\/2025\/06\/photo_2025-06-22_21-09-52-3.jpg'><img loading=\"lazy\" decoding=\"async\" width=\"1280\" height=\"853\" src=\"https:\/\/archive.sana.sy\/tr\/wp-content\/uploads\/2025\/06\/photo_2025-06-22_21-09-52-3.jpg\" class=\"attachment-full size-full\" alt=\"\" srcset=\"https:\/\/archive.sana.sy\/tr\/wp-content\/uploads\/2025\/06\/photo_2025-06-22_21-09-52-3.jpg 1280w, https:\/\/archive.sana.sy\/tr\/wp-content\/uploads\/2025\/06\/photo_2025-06-22_21-09-52-3-300x200.jpg 300w, https:\/\/archive.sana.sy\/tr\/wp-content\/uploads\/2025\/06\/photo_2025-06-22_21-09-52-3-1024x682.jpg 1024w, https:\/\/archive.sana.sy\/tr\/wp-content\/uploads\/2025\/06\/photo_2025-06-22_21-09-52-3-768x512.jpg 768w\" sizes=\"auto, (max-width: 1280px) 100vw, 1280px\" \/><\/a>\n\t\t\t<\/div><\/figure><figure class='gallery-item'>\n\t\t\t<div class='gallery-icon landscape'>\n\t\t\t\t<a href='https:\/\/archive.sana.sy\/tr\/wp-content\/uploads\/2025\/06\/photo_2025-06-22_23-06-34.jpg'><img loading=\"lazy\" decoding=\"async\" width=\"1280\" height=\"720\" src=\"https:\/\/archive.sana.sy\/tr\/wp-content\/uploads\/2025\/06\/photo_2025-06-22_23-06-34.jpg\" class=\"attachment-full size-full\" alt=\"\" srcset=\"https:\/\/archive.sana.sy\/tr\/wp-content\/uploads\/2025\/06\/photo_2025-06-22_23-06-34.jpg 1280w, https:\/\/archive.sana.sy\/tr\/wp-content\/uploads\/2025\/06\/photo_2025-06-22_23-06-34-300x169.jpg 300w, https:\/\/archive.sana.sy\/tr\/wp-content\/uploads\/2025\/06\/photo_2025-06-22_23-06-34-1024x576.jpg 1024w, https:\/\/archive.sana.sy\/tr\/wp-content\/uploads\/2025\/06\/photo_2025-06-22_23-06-34-768x432.jpg 768w\" sizes=\"auto, (max-width: 1280px) 100vw, 1280px\" \/><\/a>\n\t\t\t<\/div><\/figure><figure class='gallery-item'>\n\t\t\t<div class='gallery-icon landscape'>\n\t\t\t\t<a href='https:\/\/archive.sana.sy\/tr\/wp-content\/uploads\/2025\/06\/photo_2025-06-22_23-06-34-2.jpg'><img loading=\"lazy\" decoding=\"async\" width=\"1280\" height=\"720\" src=\"https:\/\/archive.sana.sy\/tr\/wp-content\/uploads\/2025\/06\/photo_2025-06-22_23-06-34-2.jpg\" class=\"attachment-full size-full\" alt=\"\" srcset=\"https:\/\/archive.sana.sy\/tr\/wp-content\/uploads\/2025\/06\/photo_2025-06-22_23-06-34-2.jpg 1280w, https:\/\/archive.sana.sy\/tr\/wp-content\/uploads\/2025\/06\/photo_2025-06-22_23-06-34-2-300x169.jpg 300w, https:\/\/archive.sana.sy\/tr\/wp-content\/uploads\/2025\/06\/photo_2025-06-22_23-06-34-2-1024x576.jpg 1024w, https:\/\/archive.sana.sy\/tr\/wp-content\/uploads\/2025\/06\/photo_2025-06-22_23-06-34-2-768x432.jpg 768w\" sizes=\"auto, (max-width: 1280px) 100vw, 1280px\" \/><\/a>\n\t\t\t<\/div><\/figure><figure class='gallery-item'>\n\t\t\t<div class='gallery-icon landscape'>\n\t\t\t\t<a href='https:\/\/archive.sana.sy\/tr\/wp-content\/uploads\/2025\/06\/photo_2025-06-22_23-06-34-3.jpg'><img loading=\"lazy\" decoding=\"async\" width=\"1280\" height=\"720\" src=\"https:\/\/archive.sana.sy\/tr\/wp-content\/uploads\/2025\/06\/photo_2025-06-22_23-06-34-3.jpg\" class=\"attachment-full size-full\" alt=\"\" srcset=\"https:\/\/archive.sana.sy\/tr\/wp-content\/uploads\/2025\/06\/photo_2025-06-22_23-06-34-3.jpg 1280w, https:\/\/archive.sana.sy\/tr\/wp-content\/uploads\/2025\/06\/photo_2025-06-22_23-06-34-3-300x169.jpg 300w, https:\/\/archive.sana.sy\/tr\/wp-content\/uploads\/2025\/06\/photo_2025-06-22_23-06-34-3-1024x576.jpg 1024w, https:\/\/archive.sana.sy\/tr\/wp-content\/uploads\/2025\/06\/photo_2025-06-22_23-06-34-3-768x432.jpg 768w\" sizes=\"auto, (max-width: 1280px) 100vw, 1280px\" \/><\/a>\n\t\t\t<\/div><\/figure>\n\t\t<\/div>\n\n","protected":false},"excerpt":{"rendered":"<p>\u015eAM (SANA) &#8211;\u00a0 Sa\u011fl\u0131k Bakanl\u0131\u011f\u0131, d\u00fcn \u015eam&#8217;\u0131n Duveylia b\u00f6lgesindeki Mar Elias Kilisesi&#8217;ni hedef alan ter\u00f6r sald\u0131r\u0131s\u0131nda \u00f6l\u00fc say\u0131s\u0131n\u0131n 25&#8217;e y\u00fckseldi\u011fini, 63 ki\u015finin de yaraland\u0131\u011f\u0131n\u0131 ilan etti. \u0130\u00e7i\u015fleri Bakanl\u0131\u011f\u0131 s\u00f6zc\u00fcs\u00fc Nureddin El Baba d\u00fcn d\u00fczenledi\u011fi bas\u0131n toplant\u0131s\u0131nda, ilk soru\u015fturmalar\u0131n \u015eam&#8217;daki Mar Elias Kilisesi&#8217;ni hedef alan bombalaman\u0131n &#8220;I\u015e\u0130D&#8221; taraf\u0131ndan ger\u00e7ekle\u015ftirilen bir ter\u00f6r sald\u0131r\u0131s\u0131 oldu\u011funu g\u00f6sterdi\u011fini belirtirken, olay\u0131n &hellip;<\/p>\n","protected":false},"author":36,"featured_media":323702,"comment_status":"closed","ping_status":"closed","sticky":false,"template":"","format":"standard","meta":{"footnotes":""},"categories":[596,479,575,17988,478],"tags":[],"class_list":["post-323693","post","type-post","status-publish","format-standard","has-post-thumbnail","","category-fotografli-raporlar","category-haberler-yerel","category-olaylar-ve-gercekler","category-son-haberler","category-yerel"],"_links":{"self":[{"href":"https:\/\/archive.sana.sy\/tr\/index.php?rest_route=\/wp\/v2\/posts\/323693","targetHints":{"allow":["GET"]}}],"collection":[{"href":"https:\/\/archive.sana.sy\/tr\/index.php?rest_route=\/wp\/v2\/posts"}],"about":[{"href":"https:\/\/archive.sana.sy\/tr\/index.php?rest_route=\/wp\/v2\/types\/post"}],"author":[{"embeddable":true,"href":"https:\/\/archive.sana.sy\/tr\/index.php?rest_route=\/wp\/v2\/users\/36"}],"replies":[{"embeddable":true,"href":"https:\/\/archive.sana.sy\/tr\/index.php?rest_route=%2Fwp%2Fv2%2Fcomments&post=323693"}],"version-history":[{"count":1,"href":"https:\/\/archive.sana.sy\/tr\/index.php?rest_route=\/wp\/v2\/posts\/323693\/revisions"}],"predecessor-version":[{"id":323703,"href":"https:\/\/archive.sana.sy\/tr\/index.php?rest_route=\/wp\/v2\/posts\/323693\/revisions\/323703"}],"wp:featuredmedia":[{"embeddable":true,"href":"https:\/\/archive.sana.sy\/tr\/index.php?rest_route=\/wp\/v2\/media\/323702"}],"wp:attachment":[{"href":"https:\/\/archive.sana.sy\/tr\/index.php?rest_route=%2Fwp%2Fv2%2Fmedia&parent=323693"}],"wp:term":[{"taxonomy":"category","embeddable":true,"href":"https:\/\/archive.sana.sy\/tr\/index.php?rest_route=%2Fwp%2Fv2%2Fcategories&post=323693"},{"taxonomy":"post_tag","embeddable":true,"href":"https:\/\/archive.sana.sy\/tr\/index.php?rest_route=%2Fwp%2Fv2%2Ftags&post=323693"}],"curies":[{"name":"wp","href":"https:\/\/api.w.org\/{rel}","templated":true}]}}