{"id":3237,"date":"2014-06-16T09:40:08","date_gmt":"2014-06-16T06:40:08","guid":{"rendered":"http:\/\/sanasyria.org\/tr\/?p=3237"},"modified":"2014-06-19T13:00:36","modified_gmt":"2014-06-19T10:00:36","slug":"basil-teror-tehlikesine-dikkat-cekti","status":"publish","type":"post","link":"https:\/\/archive.sana.sy\/tr\/?p=3237","title":{"rendered":"Basil Ter\u00f6r Tehlikesine Dikkat \u00c7ekti"},"content":{"rendered":"<p>BEYRUT \u2013 L\u00fcbnan D\u0131\u015fi\u015fleri ve Gurbet\u00e7iler Bakan\u0131 Cebran Basil; Suriye\u2019den ba\u015flayarak Irak ve L\u00fcbnan\u2019a yay\u0131lan ter\u00f6r\u00fcn b\u00fct\u00fcn b\u00f6lge \u00fclkelerine s\u0131\u00e7ramas\u0131 tehlikesine dikkat \u00e7ekerek L\u00fcbnan\u2019da g\u00fcvenlik ve istikrar konusunda sorumlulukta \u0131srar \u00e7a\u011fr\u0131s\u0131 yapt\u0131.<\/p>\n<p>\u0130srail ve ter\u00f6r kar\u015f\u0131s\u0131nda birlik ve b\u00fct\u00fcnl\u00fc\u011f\u00fcn korunmas\u0131 ve g\u00fc\u00e7lendirilmesi gere\u011fini ifade eden Basil; ter\u00f6r\u00fcn sadece b\u00f6lgede de\u011fil ABD, \u0130ngiltere ve b\u00fct\u00fcn bat\u0131 \u00fclkelerini de kapsayacak bir tehlike oldu\u011funun alt\u0131n\u0131 \u00e7izdi.<\/p>\n<p>Diyalog ve uzla\u015fma y\u00f6ntemlerinde \u0131srar etme ve siyasi \u00e7alkant\u0131lardan uzakla\u015fma gere\u011fine dikkat \u00e7eken Basil; L\u00fcbnan\u2019da g\u00fcvenlik ve istikrar\u0131n ger\u00e7ek g\u00fcvencesinin uzla\u015fma oldu\u011funun alt\u0131n\u0131 \u00e7izdi.<\/p>\n<p>&nbsp;<\/p>\n","protected":false},"excerpt":{"rendered":"<p>BEYRUT \u2013 L\u00fcbnan D\u0131\u015fi\u015fleri ve Gurbet\u00e7iler Bakan\u0131 Cebran Basil; Suriye\u2019den ba\u015flayarak Irak ve L\u00fcbnan\u2019a yay\u0131lan ter\u00f6r\u00fcn b\u00fct\u00fcn b\u00f6lge \u00fclkelerine s\u0131\u00e7ramas\u0131 tehlikesine dikkat \u00e7ekerek L\u00fcbnan\u2019da g\u00fcvenlik ve istikrar konusunda sorumlulukta \u0131srar \u00e7a\u011fr\u0131s\u0131 yapt\u0131. \u0130srail ve ter\u00f6r kar\u015f\u0131s\u0131nda birlik ve b\u00fct\u00fcnl\u00fc\u011f\u00fcn korunmas\u0131 ve g\u00fc\u00e7lendirilmesi gere\u011fini ifade eden Basil; ter\u00f6r\u00fcn sadece b\u00f6lgede de\u011fil ABD, \u0130ngiltere ve b\u00fct\u00fcn bat\u0131 &hellip;<\/p>\n","protected":false},"author":1,"featured_media":3238,"comment_status":"closed","ping_status":"closed","sticky":false,"template":"","format":"standard","meta":{"footnotes":""},"categories":[458,459,447,584],"tags":[713],"class_list":["post-3237","post","type-post","status-publish","format-standard","has-post-thumbnail","","category-dunya1","category-haberler-arap-uluslararasi-politika","category-politika","category-yurtdisinda-sana-ofisleri","tag-basil-teror-tehlikesine-dikkat-cekti"],"_links":{"self":[{"href":"https:\/\/archive.sana.sy\/tr\/index.php?rest_route=\/wp\/v2\/posts\/3237","targetHints":{"allow":["GET"]}}],"collection":[{"href":"https:\/\/archive.sana.sy\/tr\/index.php?rest_route=\/wp\/v2\/posts"}],"about":[{"href":"https:\/\/archive.sana.sy\/tr\/index.php?rest_route=\/wp\/v2\/types\/post"}],"author":[{"embeddable":true,"href":"https:\/\/archive.sana.sy\/tr\/index.php?rest_route=\/wp\/v2\/users\/1"}],"replies":[{"embeddable":true,"href":"https:\/\/archive.sana.sy\/tr\/index.php?rest_route=%2Fwp%2Fv2%2Fcomments&post=3237"}],"version-history":[{"count":0,"href":"https:\/\/archive.sana.sy\/tr\/index.php?rest_route=\/wp\/v2\/posts\/3237\/revisions"}],"wp:featuredmedia":[{"embeddable":true,"href":"https:\/\/archive.sana.sy\/tr\/index.php?rest_route=\/wp\/v2\/media\/3238"}],"wp:attachment":[{"href":"https:\/\/archive.sana.sy\/tr\/index.php?rest_route=%2Fwp%2Fv2%2Fmedia&parent=3237"}],"wp:term":[{"taxonomy":"category","embeddable":true,"href":"https:\/\/archive.sana.sy\/tr\/index.php?rest_route=%2Fwp%2Fv2%2Fcategories&post=3237"},{"taxonomy":"post_tag","embeddable":true,"href":"https:\/\/archive.sana.sy\/tr\/index.php?rest_route=%2Fwp%2Fv2%2Ftags&post=3237"}],"curies":[{"name":"wp","href":"https:\/\/api.w.org\/{rel}","templated":true}]}}