{"id":323704,"date":"2025-06-23T15:26:45","date_gmt":"2025-06-23T12:26:45","guid":{"rendered":"https:\/\/sana.sy\/tr\/?p=323704"},"modified":"2025-06-25T08:33:20","modified_gmt":"2025-06-25T05:33:20","slug":"cumhurbaskani-el-sara-samdaki-mar-elias-kilisesi-bombalamasinda-olenlerin-ailelerine-bassagligi-diledi","status":"publish","type":"post","link":"https:\/\/archive.sana.sy\/tr\/?p=323704","title":{"rendered":"Cumhurba\u015fkan\u0131 El \u015eara, \u015eam&#8217;daki Mar Elias Kilisesi Bombalamas\u0131nda \u00d6lenlerin Ailelerine Ba\u015fsa\u011fl\u0131\u011f\u0131 Diledi"},"content":{"rendered":"<p style=\"text-align: justify;\"><span style=\"color: #ff0000;\"><strong>\u015eAM (SANA)<\/strong> <\/span>&#8211;\u00a0 Suriye Arap Cumhuriyeti Cumhurba\u015fkan\u0131 Say\u0131n Ahmed El \u015eara, t\u00fcm Suriyelileri etkileyen \u015eam&#8217;\u0131n Duveylia semtindeki Mar Elias Kilisesi&#8217;ne d\u00fczenlenen su\u00e7 niteli\u011findeki bombalamada hayat\u0131n\u0131 kaybedenlerin ailelerine en derin ba\u015fsa\u011fl\u0131\u011f\u0131 ve samimi sempati dileklerini iletti. Ayr\u0131ca yaral\u0131lara acil \u015fifalar diledi.<\/p>\n<p style=\"text-align: justify;\">Cumhurba\u015fkan\u0131 El \u015eara \u015funlar\u0131 s\u00f6yledi: \u2018\u2019Masum insanlar\u0131 ibadethanelerinde hedef alan bu i\u011fren\u00e7 su\u00e7, g\u00fcvenli\u011fimize ve vatan\u0131m\u0131z\u0131n istikrar\u0131na y\u00f6nelik t\u00fcm tehditlerle m\u00fccadelede dayan\u0131\u015fma ve birli\u011fin -h\u00fck\u00fcmet ve halk- \u00f6nemini bize hat\u0131rlat\u0131yor.\u2019\u2019<\/p>\n<p style=\"text-align: justify;\">Cumhurba\u015fkan\u0131 El \u015eara ayr\u0131ca \u015funlar\u0131 ekledi: \u2018\u2019Bug\u00fcn hepimiz birlik i\u00e7inde duruyoruz, adaletsizli\u011fi ve su\u00e7u her t\u00fcrl\u00fcs\u00fcyle reddediyoruz. Yak\u0131nlar\u0131n\u0131 kaybedenlere, bu i\u011fren\u00e7 su\u00e7a kat\u0131lan ve planlayan herkesi yakalamak ve adalete teslim etmek i\u00e7in t\u00fcm uzman g\u00fcvenlik g\u00fc\u00e7lerimizi seferber ederek gece g\u00fcnd\u00fcz \u00e7al\u0131\u015fmaya devam edece\u011fimize dair s\u00f6z veriyoruz, b\u00f6ylece hak ettikleri cezay\u0131 alacaklar.\u2019\u2019<\/p>\n<p style=\"text-align: justify;\">Cumhurba\u015fkan\u0131 El \u015eara \u015f\u00f6yle devam etti: \u2018\u2019 Allah\u2019tan halk\u0131m\u0131za sab\u0131r ve teselli vermesini, yaral\u0131lar\u0131m\u0131z\u0131 iyile\u015ftirmesini ve sevgili Suriye&#8217;yi her t\u00fcrl\u00fc zarardan korumas\u0131n\u0131 diliyoruz.\u2019\u2019<\/p>\n","protected":false},"excerpt":{"rendered":"<p>\u015eAM (SANA) &#8211;\u00a0 Suriye Arap Cumhuriyeti Cumhurba\u015fkan\u0131 Say\u0131n Ahmed El \u015eara, t\u00fcm Suriyelileri etkileyen \u015eam&#8217;\u0131n Duveylia semtindeki Mar Elias Kilisesi&#8217;ne d\u00fczenlenen su\u00e7 niteli\u011findeki bombalamada hayat\u0131n\u0131 kaybedenlerin ailelerine en derin ba\u015fsa\u011fl\u0131\u011f\u0131 ve samimi sempati dileklerini iletti. Ayr\u0131ca yaral\u0131lara acil \u015fifalar diledi. Cumhurba\u015fkan\u0131 El \u015eara \u015funlar\u0131 s\u00f6yledi: \u2018\u2019Masum insanlar\u0131 ibadethanelerinde hedef alan bu i\u011fren\u00e7 su\u00e7, g\u00fcvenli\u011fimize ve &hellip;<\/p>\n","protected":false},"author":41,"featured_media":323705,"comment_status":"closed","ping_status":"closed","sticky":false,"template":"","format":"standard","meta":{"footnotes":""},"categories":[606,605,17988],"tags":[],"class_list":["post-323704","post","type-post","status-publish","format-standard","has-post-thumbnail","","category-cumhurbaskani","category-sayin-cumhurbaskani","category-son-haberler"],"_links":{"self":[{"href":"https:\/\/archive.sana.sy\/tr\/index.php?rest_route=\/wp\/v2\/posts\/323704","targetHints":{"allow":["GET"]}}],"collection":[{"href":"https:\/\/archive.sana.sy\/tr\/index.php?rest_route=\/wp\/v2\/posts"}],"about":[{"href":"https:\/\/archive.sana.sy\/tr\/index.php?rest_route=\/wp\/v2\/types\/post"}],"author":[{"embeddable":true,"href":"https:\/\/archive.sana.sy\/tr\/index.php?rest_route=\/wp\/v2\/users\/41"}],"replies":[{"embeddable":true,"href":"https:\/\/archive.sana.sy\/tr\/index.php?rest_route=%2Fwp%2Fv2%2Fcomments&post=323704"}],"version-history":[{"count":1,"href":"https:\/\/archive.sana.sy\/tr\/index.php?rest_route=\/wp\/v2\/posts\/323704\/revisions"}],"predecessor-version":[{"id":323706,"href":"https:\/\/archive.sana.sy\/tr\/index.php?rest_route=\/wp\/v2\/posts\/323704\/revisions\/323706"}],"wp:featuredmedia":[{"embeddable":true,"href":"https:\/\/archive.sana.sy\/tr\/index.php?rest_route=\/wp\/v2\/media\/323705"}],"wp:attachment":[{"href":"https:\/\/archive.sana.sy\/tr\/index.php?rest_route=%2Fwp%2Fv2%2Fmedia&parent=323704"}],"wp:term":[{"taxonomy":"category","embeddable":true,"href":"https:\/\/archive.sana.sy\/tr\/index.php?rest_route=%2Fwp%2Fv2%2Fcategories&post=323704"},{"taxonomy":"post_tag","embeddable":true,"href":"https:\/\/archive.sana.sy\/tr\/index.php?rest_route=%2Fwp%2Fv2%2Ftags&post=323704"}],"curies":[{"name":"wp","href":"https:\/\/api.w.org\/{rel}","templated":true}]}}