{"id":323733,"date":"2025-06-23T16:56:07","date_gmt":"2025-06-23T13:56:07","guid":{"rendered":"https:\/\/sana.sy\/tr\/?p=323733"},"modified":"2025-06-23T16:56:07","modified_gmt":"2025-06-23T13:56:07","slug":"yunanistan-samdaki-kiliseyi-hedef-alan-teror-saldirisini-kinadi","status":"publish","type":"post","link":"https:\/\/archive.sana.sy\/tr\/?p=323733","title":{"rendered":"Yunanistan, \u015eam&#8217;daki Kiliseyi Hedef Alan Ter\u00f6r Sald\u0131r\u0131s\u0131n\u0131 K\u0131nad\u0131"},"content":{"rendered":"<p style=\"text-align: justify;\"><span style=\"color: #ff0000;\"><strong>AT\u0130NA (SANA) &#8211;<\/strong><\/span> Yunanistan D\u0131\u015fi\u015fleri Bakanl\u0131\u011f\u0131, d\u00fcn \u015eam&#8217;daki Mar Elias Kilisesi&#8217;ni hedef alan ve \u00e7ok say\u0131da masum can kayb\u0131 ve yaralanmaya yol a\u00e7an korkun\u00e7 ter\u00f6rist bombalamas\u0131n\u0131 k\u0131nad\u0131.<\/p>\n<p style=\"text-align: justify;\">Bakanl\u0131k (X) \u00a0plattformundan \u015funlar\u0131 belirtti: &#8220;Dini mekanlar ter\u00f6rizmin hedefi olmamal\u0131 ve herkes dini rit\u00fcellerini bar\u0131\u015f ve tam g\u00fcvenlik i\u00e7inde uygulama hakk\u0131na sahiptir.&#8221;<\/p>\n<p style=\"text-align: justify;\">Bakanl\u0131k ayr\u0131ca, olaya kar\u0131\u015fanlar\u0131n sorumlu tutulmas\u0131 ve Suriye halk\u0131n\u0131n t\u00fcm bile\u015fenlerinin g\u00fcvenli\u011fini sa\u011flamak ve korkusuzca ya\u015famalar\u0131na izin vermek i\u00e7in \u00f6nlemlerin uygulanmas\u0131 i\u00e7in derhal harekete ge\u00e7ilmesi \u00e7a\u011fr\u0131s\u0131nda bulundu.<\/p>\n","protected":false},"excerpt":{"rendered":"<p>AT\u0130NA (SANA) &#8211; Yunanistan D\u0131\u015fi\u015fleri Bakanl\u0131\u011f\u0131, d\u00fcn \u015eam&#8217;daki Mar Elias Kilisesi&#8217;ni hedef alan ve \u00e7ok say\u0131da masum can kayb\u0131 ve yaralanmaya yol a\u00e7an korkun\u00e7 ter\u00f6rist bombalamas\u0131n\u0131 k\u0131nad\u0131. Bakanl\u0131k (X) \u00a0plattformundan \u015funlar\u0131 belirtti: &#8220;Dini mekanlar ter\u00f6rizmin hedefi olmamal\u0131 ve herkes dini rit\u00fcellerini bar\u0131\u015f ve tam g\u00fcvenlik i\u00e7inde uygulama hakk\u0131na sahiptir.&#8221; Bakanl\u0131k ayr\u0131ca, olaya kar\u0131\u015fanlar\u0131n sorumlu tutulmas\u0131 &hellip;<\/p>\n","protected":false},"author":41,"featured_media":323734,"comment_status":"closed","ping_status":"closed","sticky":false,"template":"","format":"standard","meta":{"footnotes":""},"categories":[458,589,459,17988],"tags":[],"class_list":["post-323733","post","type-post","status-publish","format-standard","has-post-thumbnail","","category-dunya1","category-haber-seridi","category-haberler-arap-uluslararasi-politika","category-son-haberler"],"_links":{"self":[{"href":"https:\/\/archive.sana.sy\/tr\/index.php?rest_route=\/wp\/v2\/posts\/323733","targetHints":{"allow":["GET"]}}],"collection":[{"href":"https:\/\/archive.sana.sy\/tr\/index.php?rest_route=\/wp\/v2\/posts"}],"about":[{"href":"https:\/\/archive.sana.sy\/tr\/index.php?rest_route=\/wp\/v2\/types\/post"}],"author":[{"embeddable":true,"href":"https:\/\/archive.sana.sy\/tr\/index.php?rest_route=\/wp\/v2\/users\/41"}],"replies":[{"embeddable":true,"href":"https:\/\/archive.sana.sy\/tr\/index.php?rest_route=%2Fwp%2Fv2%2Fcomments&post=323733"}],"version-history":[{"count":1,"href":"https:\/\/archive.sana.sy\/tr\/index.php?rest_route=\/wp\/v2\/posts\/323733\/revisions"}],"predecessor-version":[{"id":323735,"href":"https:\/\/archive.sana.sy\/tr\/index.php?rest_route=\/wp\/v2\/posts\/323733\/revisions\/323735"}],"wp:featuredmedia":[{"embeddable":true,"href":"https:\/\/archive.sana.sy\/tr\/index.php?rest_route=\/wp\/v2\/media\/323734"}],"wp:attachment":[{"href":"https:\/\/archive.sana.sy\/tr\/index.php?rest_route=%2Fwp%2Fv2%2Fmedia&parent=323733"}],"wp:term":[{"taxonomy":"category","embeddable":true,"href":"https:\/\/archive.sana.sy\/tr\/index.php?rest_route=%2Fwp%2Fv2%2Fcategories&post=323733"},{"taxonomy":"post_tag","embeddable":true,"href":"https:\/\/archive.sana.sy\/tr\/index.php?rest_route=%2Fwp%2Fv2%2Ftags&post=323733"}],"curies":[{"name":"wp","href":"https:\/\/api.w.org\/{rel}","templated":true}]}}