{"id":323740,"date":"2025-06-23T17:49:19","date_gmt":"2025-06-23T14:49:19","guid":{"rendered":"https:\/\/sana.sy\/tr\/?p=323740"},"modified":"2025-06-23T17:49:19","modified_gmt":"2025-06-23T14:49:19","slug":"azerbaycan-samdaki-kiliseyi-hedef-alan-teror-saldirisini-kinadi","status":"publish","type":"post","link":"https:\/\/archive.sana.sy\/tr\/?p=323740","title":{"rendered":"Azerbaycan, \u015eam&#8217;daki Kiliseyi Hedef Alan Ter\u00f6r Sald\u0131r\u0131s\u0131n\u0131 K\u0131nad\u0131"},"content":{"rendered":"<p style=\"text-align: justify;\"><span style=\"color: #ff0000;\"><strong>BAK\u00dc (SANA) &#8211;<\/strong><\/span>\u00a0 Azerbaycan d\u00fcn \u015eam&#8217;\u0131n Duveylia b\u00f6lgesindeki Mar Elias Kilisesi&#8217;ni hedef alan ter\u00f6r sald\u0131r\u0131s\u0131n\u0131 k\u0131nad\u0131.<\/p>\n<p style=\"text-align: justify;\">Azerbaycan D\u0131\u015fi\u015fleri Bakanl\u0131\u011f\u0131 (X) hesab\u0131ndan \u015fu tweeti att\u0131: &#8220;\u015eam&#8217;daki Mar Elias Kilisesi&#8217;ne d\u00fczenlenen korkun\u00e7 ter\u00f6r sald\u0131r\u0131s\u0131n\u0131 \u015fiddetle k\u0131n\u0131yor ve kurbanlar\u0131n ailelerine ve etkilenen herkese en derin taziyelerimizi iletiyoruz.&#8221;<\/p>\n<p style=\"text-align: justify;\">Bakanl\u0131k ayr\u0131ca \u015funlar\u0131 ekledi: &#8220;Suriye h\u00fck\u00fcmeti ve halk\u0131yla dayan\u0131\u015fma i\u00e7indeyiz ve a\u015f\u0131r\u0131l\u0131k\u00e7\u0131l\u0131\u011fa kar\u015f\u0131 birlik \u00e7a\u011fr\u0131s\u0131nda bulunuyoruz.&#8221;<\/p>\n","protected":false},"excerpt":{"rendered":"<p>BAK\u00dc (SANA) &#8211;\u00a0 Azerbaycan d\u00fcn \u015eam&#8217;\u0131n Duveylia b\u00f6lgesindeki Mar Elias Kilisesi&#8217;ni hedef alan ter\u00f6r sald\u0131r\u0131s\u0131n\u0131 k\u0131nad\u0131. Azerbaycan D\u0131\u015fi\u015fleri Bakanl\u0131\u011f\u0131 (X) hesab\u0131ndan \u015fu tweeti att\u0131: &#8220;\u015eam&#8217;daki Mar Elias Kilisesi&#8217;ne d\u00fczenlenen korkun\u00e7 ter\u00f6r sald\u0131r\u0131s\u0131n\u0131 \u015fiddetle k\u0131n\u0131yor ve kurbanlar\u0131n ailelerine ve etkilenen herkese en derin taziyelerimizi iletiyoruz.&#8221; Bakanl\u0131k ayr\u0131ca \u015funlar\u0131 ekledi: &#8220;Suriye h\u00fck\u00fcmeti ve halk\u0131yla dayan\u0131\u015fma i\u00e7indeyiz ve &hellip;<\/p>\n","protected":false},"author":41,"featured_media":323741,"comment_status":"closed","ping_status":"closed","sticky":false,"template":"","format":"standard","meta":{"footnotes":""},"categories":[458,589,459,17988],"tags":[],"class_list":["post-323740","post","type-post","status-publish","format-standard","has-post-thumbnail","","category-dunya1","category-haber-seridi","category-haberler-arap-uluslararasi-politika","category-son-haberler"],"_links":{"self":[{"href":"https:\/\/archive.sana.sy\/tr\/index.php?rest_route=\/wp\/v2\/posts\/323740","targetHints":{"allow":["GET"]}}],"collection":[{"href":"https:\/\/archive.sana.sy\/tr\/index.php?rest_route=\/wp\/v2\/posts"}],"about":[{"href":"https:\/\/archive.sana.sy\/tr\/index.php?rest_route=\/wp\/v2\/types\/post"}],"author":[{"embeddable":true,"href":"https:\/\/archive.sana.sy\/tr\/index.php?rest_route=\/wp\/v2\/users\/41"}],"replies":[{"embeddable":true,"href":"https:\/\/archive.sana.sy\/tr\/index.php?rest_route=%2Fwp%2Fv2%2Fcomments&post=323740"}],"version-history":[{"count":1,"href":"https:\/\/archive.sana.sy\/tr\/index.php?rest_route=\/wp\/v2\/posts\/323740\/revisions"}],"predecessor-version":[{"id":323742,"href":"https:\/\/archive.sana.sy\/tr\/index.php?rest_route=\/wp\/v2\/posts\/323740\/revisions\/323742"}],"wp:featuredmedia":[{"embeddable":true,"href":"https:\/\/archive.sana.sy\/tr\/index.php?rest_route=\/wp\/v2\/media\/323741"}],"wp:attachment":[{"href":"https:\/\/archive.sana.sy\/tr\/index.php?rest_route=%2Fwp%2Fv2%2Fmedia&parent=323740"}],"wp:term":[{"taxonomy":"category","embeddable":true,"href":"https:\/\/archive.sana.sy\/tr\/index.php?rest_route=%2Fwp%2Fv2%2Fcategories&post=323740"},{"taxonomy":"post_tag","embeddable":true,"href":"https:\/\/archive.sana.sy\/tr\/index.php?rest_route=%2Fwp%2Fv2%2Ftags&post=323740"}],"curies":[{"name":"wp","href":"https:\/\/api.w.org\/{rel}","templated":true}]}}