{"id":323743,"date":"2025-06-23T18:29:12","date_gmt":"2025-06-23T15:29:12","guid":{"rendered":"https:\/\/sana.sy\/tr\/?p=323743"},"modified":"2025-06-23T18:30:12","modified_gmt":"2025-06-23T15:30:12","slug":"alman-disisleri-bakani-samdaki-teror-saldirisini-kinadi","status":"publish","type":"post","link":"https:\/\/archive.sana.sy\/tr\/?p=323743","title":{"rendered":"Alman D\u0131\u015fi\u015fleri Bakan\u0131 \u015eam&#8217;daki Ter\u00f6r Sald\u0131r\u0131s\u0131n\u0131 K\u0131nad\u0131"},"content":{"rendered":"<p style=\"text-align: justify;\"><span style=\"color: #ff0000;\"><strong>BERL\u0130N (SANA) &#8211;<\/strong><\/span> Almanya D\u0131\u015fi\u015fleri Bakan\u0131 Johann Vadephul d\u00fcn \u015eam&#8217;\u0131n Duveylia b\u00f6lgesindeki Mar Elias Kilisesi&#8217;ni hedef alan ter\u00f6r sald\u0131r\u0131s\u0131n\u0131 k\u0131nad\u0131.<\/p>\n<p style=\"text-align: justify;\">Vadephul (X) hesab\u0131ndan \u015fu tweeti yazd\u0131: &#8220;\u015eam&#8217;daki ter\u00f6r sald\u0131r\u0131s\u0131n\u0131 \u015fiddetle k\u0131n\u0131yor, \u00fcz\u00fcnt\u00fcm\u00fcz\u00fc ifade ediyor ve yaral\u0131lara acil \u015fifalar diliyoruz.&#8221;<\/p>\n<p style=\"text-align: justify;\">Vadephul ayr\u0131ca, &#8220;Suriye&#8217;de ge\u00e7i\u015f d\u00f6nemi adaleti \u00f6nlemleri ve uzla\u015fma politikas\u0131yla devam edilmesi&#8221; gerekti\u011fini vurgulad\u0131.<\/p>\n","protected":false},"excerpt":{"rendered":"<p>BERL\u0130N (SANA) &#8211; Almanya D\u0131\u015fi\u015fleri Bakan\u0131 Johann Vadephul d\u00fcn \u015eam&#8217;\u0131n Duveylia b\u00f6lgesindeki Mar Elias Kilisesi&#8217;ni hedef alan ter\u00f6r sald\u0131r\u0131s\u0131n\u0131 k\u0131nad\u0131. Vadephul (X) hesab\u0131ndan \u015fu tweeti yazd\u0131: &#8220;\u015eam&#8217;daki ter\u00f6r sald\u0131r\u0131s\u0131n\u0131 \u015fiddetle k\u0131n\u0131yor, \u00fcz\u00fcnt\u00fcm\u00fcz\u00fc ifade ediyor ve yaral\u0131lara acil \u015fifalar diliyoruz.&#8221; Vadephul ayr\u0131ca, &#8220;Suriye&#8217;de ge\u00e7i\u015f d\u00f6nemi adaleti \u00f6nlemleri ve uzla\u015fma politikas\u0131yla devam edilmesi&#8221; gerekti\u011fini vurgulad\u0131.<\/p>\n","protected":false},"author":41,"featured_media":323746,"comment_status":"closed","ping_status":"closed","sticky":false,"template":"","format":"standard","meta":{"footnotes":""},"categories":[458,589,459,17988],"tags":[],"class_list":["post-323743","post","type-post","status-publish","format-standard","has-post-thumbnail","","category-dunya1","category-haber-seridi","category-haberler-arap-uluslararasi-politika","category-son-haberler"],"_links":{"self":[{"href":"https:\/\/archive.sana.sy\/tr\/index.php?rest_route=\/wp\/v2\/posts\/323743","targetHints":{"allow":["GET"]}}],"collection":[{"href":"https:\/\/archive.sana.sy\/tr\/index.php?rest_route=\/wp\/v2\/posts"}],"about":[{"href":"https:\/\/archive.sana.sy\/tr\/index.php?rest_route=\/wp\/v2\/types\/post"}],"author":[{"embeddable":true,"href":"https:\/\/archive.sana.sy\/tr\/index.php?rest_route=\/wp\/v2\/users\/41"}],"replies":[{"embeddable":true,"href":"https:\/\/archive.sana.sy\/tr\/index.php?rest_route=%2Fwp%2Fv2%2Fcomments&post=323743"}],"version-history":[{"count":1,"href":"https:\/\/archive.sana.sy\/tr\/index.php?rest_route=\/wp\/v2\/posts\/323743\/revisions"}],"predecessor-version":[{"id":323745,"href":"https:\/\/archive.sana.sy\/tr\/index.php?rest_route=\/wp\/v2\/posts\/323743\/revisions\/323745"}],"wp:featuredmedia":[{"embeddable":true,"href":"https:\/\/archive.sana.sy\/tr\/index.php?rest_route=\/wp\/v2\/media\/323746"}],"wp:attachment":[{"href":"https:\/\/archive.sana.sy\/tr\/index.php?rest_route=%2Fwp%2Fv2%2Fmedia&parent=323743"}],"wp:term":[{"taxonomy":"category","embeddable":true,"href":"https:\/\/archive.sana.sy\/tr\/index.php?rest_route=%2Fwp%2Fv2%2Fcategories&post=323743"},{"taxonomy":"post_tag","embeddable":true,"href":"https:\/\/archive.sana.sy\/tr\/index.php?rest_route=%2Fwp%2Fv2%2Ftags&post=323743"}],"curies":[{"name":"wp","href":"https:\/\/api.w.org\/{rel}","templated":true}]}}