{"id":323747,"date":"2025-06-23T19:18:28","date_gmt":"2025-06-23T16:18:28","guid":{"rendered":"https:\/\/sana.sy\/tr\/?p=323747"},"modified":"2025-06-25T08:33:35","modified_gmt":"2025-06-25T05:33:35","slug":"icisleri-bakanligi-istihbarat-servisi-isbirligiyle-sam-kirsalindaki-isid-hucrelerine-yonelik-guvenlik-operasyonlari-yurutuyor","status":"publish","type":"post","link":"https:\/\/archive.sana.sy\/tr\/?p=323747","title":{"rendered":"\u0130\u00e7i\u015fleri Bakanl\u0131\u011f\u0131, \u0130stihbarat Servisi \u0130\u015fbirli\u011fiyle \u015eam K\u0131rsal\u0131ndaki I\u015e\u0130D H\u00fccrelerine Y\u00f6nelik G\u00fcvenlik Operasyonlar\u0131 Y\u00fcr\u00fct\u00fcyor"},"content":{"rendered":"<p style=\"text-align: justify;\"><span style=\"color: #ff0000;\"><strong>\u015eAM <\/strong><strong>(SANA)<\/strong><\/span> &#8211; \u0130\u00e7i\u015fleri Bakanl\u0131\u011f\u0131, Genel \u0130stihbarat Servisi ile koordinasyon halinde, \u015eam k\u0131rsal\u0131nda I\u015e\u0130D ile ba\u011flant\u0131l\u0131 ter\u00f6rist h\u00fccrelere kar\u015f\u0131 g\u00fcvenlik operasyonlar\u0131 y\u00fcr\u00fctt\u00fc. Bu operasyonlar sonucunda d\u00fcn \u015eam&#8217;\u0131n Duveylia semtindeki Mar Elias Kilisesi&#8217;ni hedef alan ter\u00f6r sald\u0131r\u0131s\u0131na kar\u0131\u015fan bir h\u00fccre lideri ve be\u015f \u00fcye tutukland\u0131 ve ikisi \u00f6ld\u00fcr\u00fcld\u00fc.<\/p>\n<p style=\"text-align: justify;\">\u0130\u00e7i\u015fleri Bakanl\u0131\u011f\u0131 bug\u00fcn yapt\u0131\u011f\u0131 a\u00e7\u0131klamada \u015funlar\u0131 s\u00f6yledi: &#8220;\u015eam&#8217;\u0131n Duveylia semtindeki Mar Elias Kilisesi&#8217;ni hedef alan hain ter\u00f6r sald\u0131r\u0131s\u0131n\u0131n ard\u0131ndan, g\u00fcvenlik birimlerimiz yo\u011fun \u00e7abalar\u0131n\u0131 s\u00fcrd\u00fcrd\u00fc. Bilgi toplayarak, kan\u0131tlar\u0131 analiz ederek ve Genel \u0130stihbarat Servisi ile \u00e7apraz referanslama ve bilgileri do\u011frulamak i\u00e7in ortak bir operasyon odas\u0131 kurarak ger\u00e7e\u011fi ortaya \u00e7\u0131karmaya ba\u015flad\u0131k.&#8221;<\/p>\n<p style=\"text-align: justify;\">Bakanl\u0131k \u015funlar\u0131 ekledi: &#8220;\u0130lk bilgilere dayanarak ve Genel \u0130stihbarat Servisi ile ortak koordinasyon halinde, g\u00fcvenlik birimlerimiz Harasta ve Kafr Batna&#8217;da hassas operasyonlar ger\u00e7ekle\u015ftirdi. Operasyonlar, I\u015e\u0130D ile ba\u011flant\u0131l\u0131 ter\u00f6rist h\u00fccrelere ait yerleri hedef ald\u0131 ve h\u00fccre lideri ve be\u015f di\u011fer \u00fcyenin tutukland\u0131\u011f\u0131 ve iki ki\u015finin daha \u00f6ld\u00fcr\u00fcld\u00fc\u011f\u00fc \u00e7at\u0131\u015fmalarla sonu\u00e7land\u0131. \u00d6lenlerden biri, intihar bombac\u0131s\u0131n\u0131n kiliseye girmesini kolayla\u015ft\u0131ran ana ki\u015fiydi, di\u011feri ise ba\u015fkentin bir mahallesinde ter\u00f6r sald\u0131r\u0131s\u0131 d\u00fczenlemeye haz\u0131rlan\u0131yordu.&#8221;<\/p>\n<p style=\"text-align: justify;\">Bakanl\u0131k \u015f\u00f6yle devam etti: &#8220;Bask\u0131n s\u0131ras\u0131nda \u00e7ok say\u0131da silah ve m\u00fchimmat\u0131n yan\u0131 s\u0131ra patlay\u0131c\u0131 yelekler ve may\u0131nlar ele ge\u00e7irildi. Patlamaya haz\u0131r bir motosiklet bombas\u0131 da bulundu.&#8221;<\/p>\n<p style=\"text-align: justify;\">Bakanl\u0131k ayr\u0131ca, bu korkak\u00e7a ter\u00f6rist eylemlerin, \u00fclkenin g\u00fcvenli\u011fini bozmaya \u00e7al\u0131\u015fan herkesi takip etme kararl\u0131l\u0131\u011f\u0131n\u0131 daha da g\u00fc\u00e7lendirece\u011fini ve ter\u00f6ristlerin sakland\u0131\u011f\u0131 yerlere kar\u015f\u0131 sert ve s\u00fcrekli bir yan\u0131t verilece\u011fini teyit ederek a\u00e7\u0131klamas\u0131n\u0131 sonland\u0131rd\u0131.<\/p>\n<div id='gallery-1' class='gallery galleryid-323747 gallery-columns-1 gallery-size-full'><figure class='gallery-item'>\n\t\t\t<div class='gallery-icon landscape'>\n\t\t\t\t<a href='https:\/\/archive.sana.sy\/tr\/?attachment_id=323749'><img loading=\"lazy\" decoding=\"async\" width=\"1280\" height=\"853\" src=\"https:\/\/archive.sana.sy\/tr\/wp-content\/uploads\/2025\/06\/photo_2025-06-23_18-44-11-2.jpg\" class=\"attachment-full size-full\" alt=\"\" srcset=\"https:\/\/archive.sana.sy\/tr\/wp-content\/uploads\/2025\/06\/photo_2025-06-23_18-44-11-2.jpg 1280w, https:\/\/archive.sana.sy\/tr\/wp-content\/uploads\/2025\/06\/photo_2025-06-23_18-44-11-2-300x200.jpg 300w, https:\/\/archive.sana.sy\/tr\/wp-content\/uploads\/2025\/06\/photo_2025-06-23_18-44-11-2-1024x682.jpg 1024w, https:\/\/archive.sana.sy\/tr\/wp-content\/uploads\/2025\/06\/photo_2025-06-23_18-44-11-2-768x512.jpg 768w\" sizes=\"auto, (max-width: 1280px) 100vw, 1280px\" \/><\/a>\n\t\t\t<\/div><\/figure><figure class='gallery-item'>\n\t\t\t<div class='gallery-icon landscape'>\n\t\t\t\t<a href='https:\/\/archive.sana.sy\/tr\/?attachment_id=323750'><img loading=\"lazy\" decoding=\"async\" width=\"1280\" height=\"853\" src=\"https:\/\/archive.sana.sy\/tr\/wp-content\/uploads\/2025\/06\/photo_2025-06-23_18-44-11-3.jpg\" class=\"attachment-full size-full\" alt=\"\" srcset=\"https:\/\/archive.sana.sy\/tr\/wp-content\/uploads\/2025\/06\/photo_2025-06-23_18-44-11-3.jpg 1280w, https:\/\/archive.sana.sy\/tr\/wp-content\/uploads\/2025\/06\/photo_2025-06-23_18-44-11-3-300x200.jpg 300w, https:\/\/archive.sana.sy\/tr\/wp-content\/uploads\/2025\/06\/photo_2025-06-23_18-44-11-3-1024x682.jpg 1024w, https:\/\/archive.sana.sy\/tr\/wp-content\/uploads\/2025\/06\/photo_2025-06-23_18-44-11-3-768x512.jpg 768w\" sizes=\"auto, (max-width: 1280px) 100vw, 1280px\" \/><\/a>\n\t\t\t<\/div><\/figure><figure class='gallery-item'>\n\t\t\t<div class='gallery-icon landscape'>\n\t\t\t\t<a href='https:\/\/archive.sana.sy\/tr\/?attachment_id=323751'><img loading=\"lazy\" decoding=\"async\" width=\"1280\" height=\"853\" src=\"https:\/\/archive.sana.sy\/tr\/wp-content\/uploads\/2025\/06\/photo_2025-06-23_18-44-11-4.jpg\" class=\"attachment-full size-full\" alt=\"\" srcset=\"https:\/\/archive.sana.sy\/tr\/wp-content\/uploads\/2025\/06\/photo_2025-06-23_18-44-11-4.jpg 1280w, https:\/\/archive.sana.sy\/tr\/wp-content\/uploads\/2025\/06\/photo_2025-06-23_18-44-11-4-300x200.jpg 300w, https:\/\/archive.sana.sy\/tr\/wp-content\/uploads\/2025\/06\/photo_2025-06-23_18-44-11-4-1024x682.jpg 1024w, https:\/\/archive.sana.sy\/tr\/wp-content\/uploads\/2025\/06\/photo_2025-06-23_18-44-11-4-768x512.jpg 768w\" sizes=\"auto, (max-width: 1280px) 100vw, 1280px\" \/><\/a>\n\t\t\t<\/div><\/figure><figure class='gallery-item'>\n\t\t\t<div class='gallery-icon landscape'>\n\t\t\t\t<a href='https:\/\/archive.sana.sy\/tr\/?attachment_id=323752'><img loading=\"lazy\" decoding=\"async\" width=\"1280\" height=\"853\" src=\"https:\/\/archive.sana.sy\/tr\/wp-content\/uploads\/2025\/06\/photo_2025-06-23_18-44-11-5.jpg\" class=\"attachment-full size-full\" alt=\"\" srcset=\"https:\/\/archive.sana.sy\/tr\/wp-content\/uploads\/2025\/06\/photo_2025-06-23_18-44-11-5.jpg 1280w, https:\/\/archive.sana.sy\/tr\/wp-content\/uploads\/2025\/06\/photo_2025-06-23_18-44-11-5-300x200.jpg 300w, https:\/\/archive.sana.sy\/tr\/wp-content\/uploads\/2025\/06\/photo_2025-06-23_18-44-11-5-1024x682.jpg 1024w, https:\/\/archive.sana.sy\/tr\/wp-content\/uploads\/2025\/06\/photo_2025-06-23_18-44-11-5-768x512.jpg 768w\" sizes=\"auto, (max-width: 1280px) 100vw, 1280px\" \/><\/a>\n\t\t\t<\/div><\/figure><figure class='gallery-item'>\n\t\t\t<div class='gallery-icon landscape'>\n\t\t\t\t<a href='https:\/\/archive.sana.sy\/tr\/?attachment_id=323753'><img loading=\"lazy\" decoding=\"async\" width=\"1280\" height=\"922\" src=\"https:\/\/archive.sana.sy\/tr\/wp-content\/uploads\/2025\/06\/photo_2025-06-23_18-44-11.jpg\" class=\"attachment-full size-full\" alt=\"\" srcset=\"https:\/\/archive.sana.sy\/tr\/wp-content\/uploads\/2025\/06\/photo_2025-06-23_18-44-11.jpg 1280w, https:\/\/archive.sana.sy\/tr\/wp-content\/uploads\/2025\/06\/photo_2025-06-23_18-44-11-300x216.jpg 300w, https:\/\/archive.sana.sy\/tr\/wp-content\/uploads\/2025\/06\/photo_2025-06-23_18-44-11-1024x738.jpg 1024w, https:\/\/archive.sana.sy\/tr\/wp-content\/uploads\/2025\/06\/photo_2025-06-23_18-44-11-768x553.jpg 768w\" sizes=\"auto, (max-width: 1280px) 100vw, 1280px\" \/><\/a>\n\t\t\t<\/div><\/figure><figure class='gallery-item'>\n\t\t\t<div class='gallery-icon landscape'>\n\t\t\t\t<a href='https:\/\/archive.sana.sy\/tr\/?attachment_id=323754'><img loading=\"lazy\" decoding=\"async\" width=\"1280\" height=\"853\" src=\"https:\/\/archive.sana.sy\/tr\/wp-content\/uploads\/2025\/06\/photo_2025-06-23_18-44-12.jpg\" class=\"attachment-full size-full\" alt=\"\" srcset=\"https:\/\/archive.sana.sy\/tr\/wp-content\/uploads\/2025\/06\/photo_2025-06-23_18-44-12.jpg 1280w, https:\/\/archive.sana.sy\/tr\/wp-content\/uploads\/2025\/06\/photo_2025-06-23_18-44-12-300x200.jpg 300w, https:\/\/archive.sana.sy\/tr\/wp-content\/uploads\/2025\/06\/photo_2025-06-23_18-44-12-1024x682.jpg 1024w, https:\/\/archive.sana.sy\/tr\/wp-content\/uploads\/2025\/06\/photo_2025-06-23_18-44-12-768x512.jpg 768w\" sizes=\"auto, (max-width: 1280px) 100vw, 1280px\" \/><\/a>\n\t\t\t<\/div><\/figure>\n\t\t<\/div>\n\n<p style=\"text-align: justify;\">\n","protected":false},"excerpt":{"rendered":"<p>\u015eAM (SANA) &#8211; \u0130\u00e7i\u015fleri Bakanl\u0131\u011f\u0131, Genel \u0130stihbarat Servisi ile koordinasyon halinde, \u015eam k\u0131rsal\u0131nda I\u015e\u0130D ile ba\u011flant\u0131l\u0131 ter\u00f6rist h\u00fccrelere kar\u015f\u0131 g\u00fcvenlik operasyonlar\u0131 y\u00fcr\u00fctt\u00fc. Bu operasyonlar sonucunda d\u00fcn \u015eam&#8217;\u0131n Duveylia semtindeki Mar Elias Kilisesi&#8217;ni hedef alan ter\u00f6r sald\u0131r\u0131s\u0131na kar\u0131\u015fan bir h\u00fccre lideri ve be\u015f \u00fcye tutukland\u0131 ve ikisi \u00f6ld\u00fcr\u00fcld\u00fc. \u0130\u00e7i\u015fleri Bakanl\u0131\u011f\u0131 bug\u00fcn yapt\u0131\u011f\u0131 a\u00e7\u0131klamada \u015funlar\u0131 s\u00f6yledi: &#8220;\u015eam&#8217;\u0131n &hellip;<\/p>\n","protected":false},"author":36,"featured_media":323748,"comment_status":"closed","ping_status":"closed","sticky":false,"template":"","format":"standard","meta":{"footnotes":""},"categories":[479,17988,478],"tags":[7190,43949],"class_list":["post-323747","post","type-post","status-publish","format-standard","has-post-thumbnail","","category-haberler-yerel","category-son-haberler","category-yerel","tag-icisleri-bakanligi","tag-istihbarat-servisi-isbirligiyle-sam-kirsalindaki-isid-hucrelerine-yonelik-guvenlik-operasyonlari-yurutuyor"],"_links":{"self":[{"href":"https:\/\/archive.sana.sy\/tr\/index.php?rest_route=\/wp\/v2\/posts\/323747","targetHints":{"allow":["GET"]}}],"collection":[{"href":"https:\/\/archive.sana.sy\/tr\/index.php?rest_route=\/wp\/v2\/posts"}],"about":[{"href":"https:\/\/archive.sana.sy\/tr\/index.php?rest_route=\/wp\/v2\/types\/post"}],"author":[{"embeddable":true,"href":"https:\/\/archive.sana.sy\/tr\/index.php?rest_route=\/wp\/v2\/users\/36"}],"replies":[{"embeddable":true,"href":"https:\/\/archive.sana.sy\/tr\/index.php?rest_route=%2Fwp%2Fv2%2Fcomments&post=323747"}],"version-history":[{"count":2,"href":"https:\/\/archive.sana.sy\/tr\/index.php?rest_route=\/wp\/v2\/posts\/323747\/revisions"}],"predecessor-version":[{"id":323812,"href":"https:\/\/archive.sana.sy\/tr\/index.php?rest_route=\/wp\/v2\/posts\/323747\/revisions\/323812"}],"wp:featuredmedia":[{"embeddable":true,"href":"https:\/\/archive.sana.sy\/tr\/index.php?rest_route=\/wp\/v2\/media\/323748"}],"wp:attachment":[{"href":"https:\/\/archive.sana.sy\/tr\/index.php?rest_route=%2Fwp%2Fv2%2Fmedia&parent=323747"}],"wp:term":[{"taxonomy":"category","embeddable":true,"href":"https:\/\/archive.sana.sy\/tr\/index.php?rest_route=%2Fwp%2Fv2%2Fcategories&post=323747"},{"taxonomy":"post_tag","embeddable":true,"href":"https:\/\/archive.sana.sy\/tr\/index.php?rest_route=%2Fwp%2Fv2%2Ftags&post=323747"}],"curies":[{"name":"wp","href":"https:\/\/api.w.org\/{rel}","templated":true}]}}