{"id":323756,"date":"2025-06-23T19:22:59","date_gmt":"2025-06-23T16:22:59","guid":{"rendered":"https:\/\/sana.sy\/tr\/?p=323756"},"modified":"2025-06-23T19:22:59","modified_gmt":"2025-06-23T16:22:59","slug":"ispanya-samdaki-mar-elias-kilisesine-duzenlenen-teror-saldirisini-siddetle-kinadi","status":"publish","type":"post","link":"https:\/\/archive.sana.sy\/tr\/?p=323756","title":{"rendered":"\u0130spanya, \u015eam&#8217;daki Mar Elias Kilisesi&#8217;ne D\u00fczenlenen Ter\u00f6r Sald\u0131r\u0131s\u0131n\u0131 \u015eiddetle K\u0131nad\u0131"},"content":{"rendered":"<p style=\"text-align: justify;\"><span style=\"color: #ff0000;\"><strong>MADR\u0130D (SANA) &#8211;<\/strong><\/span> \u0130spanya, d\u00fcn \u015eam&#8217;daki Mar Elias Kilisesi&#8217;ni hedef alan ve \u00e7ok say\u0131da masum insan\u0131n hayat\u0131n\u0131 kaybetmesine neden olan ter\u00f6r sald\u0131r\u0131s\u0131n\u0131 \u015fiddetle k\u0131nad\u0131.<\/p>\n<p style=\"text-align: justify;\">\u0130spanya D\u0131\u015fi\u015fleri Bakanl\u0131\u011f\u0131 (X) hesab\u0131ndan yapt\u0131\u011f\u0131 a\u00e7\u0131klamada, &#8220;\u0130spanya H\u00fck\u00fcmeti, Mar Elias Kilisesi&#8217;ni hedef alan ter\u00f6r sald\u0131r\u0131s\u0131n\u0131 \u015fiddetle k\u0131n\u0131yor, kurbanlar\u0131n aileleriyle dayan\u0131\u015fma i\u00e7inde oldu\u011funu ifade ediyor ve yaral\u0131lara acil \u015fifalar dileyerek i\u00e7ten taziyelerini sunuyor.&#8221; dedi.<\/p>\n<p style=\"text-align: justify;\">Bakanl\u0131k ayr\u0131ca, \u0130spanya&#8217;n\u0131n Suriye&#8217;de bar\u0131\u015f ve istikrar\u0131 destekleme taahh\u00fcd\u00fcn\u00fc vurgulad\u0131.<\/p>\n","protected":false},"excerpt":{"rendered":"<p>MADR\u0130D (SANA) &#8211; \u0130spanya, d\u00fcn \u015eam&#8217;daki Mar Elias Kilisesi&#8217;ni hedef alan ve \u00e7ok say\u0131da masum insan\u0131n hayat\u0131n\u0131 kaybetmesine neden olan ter\u00f6r sald\u0131r\u0131s\u0131n\u0131 \u015fiddetle k\u0131nad\u0131. \u0130spanya D\u0131\u015fi\u015fleri Bakanl\u0131\u011f\u0131 (X) hesab\u0131ndan yapt\u0131\u011f\u0131 a\u00e7\u0131klamada, &#8220;\u0130spanya H\u00fck\u00fcmeti, Mar Elias Kilisesi&#8217;ni hedef alan ter\u00f6r sald\u0131r\u0131s\u0131n\u0131 \u015fiddetle k\u0131n\u0131yor, kurbanlar\u0131n aileleriyle dayan\u0131\u015fma i\u00e7inde oldu\u011funu ifade ediyor ve yaral\u0131lara acil \u015fifalar dileyerek i\u00e7ten &hellip;<\/p>\n","protected":false},"author":41,"featured_media":323757,"comment_status":"closed","ping_status":"closed","sticky":false,"template":"","format":"standard","meta":{"footnotes":""},"categories":[458,589,459,17988],"tags":[],"class_list":["post-323756","post","type-post","status-publish","format-standard","has-post-thumbnail","","category-dunya1","category-haber-seridi","category-haberler-arap-uluslararasi-politika","category-son-haberler"],"_links":{"self":[{"href":"https:\/\/archive.sana.sy\/tr\/index.php?rest_route=\/wp\/v2\/posts\/323756","targetHints":{"allow":["GET"]}}],"collection":[{"href":"https:\/\/archive.sana.sy\/tr\/index.php?rest_route=\/wp\/v2\/posts"}],"about":[{"href":"https:\/\/archive.sana.sy\/tr\/index.php?rest_route=\/wp\/v2\/types\/post"}],"author":[{"embeddable":true,"href":"https:\/\/archive.sana.sy\/tr\/index.php?rest_route=\/wp\/v2\/users\/41"}],"replies":[{"embeddable":true,"href":"https:\/\/archive.sana.sy\/tr\/index.php?rest_route=%2Fwp%2Fv2%2Fcomments&post=323756"}],"version-history":[{"count":1,"href":"https:\/\/archive.sana.sy\/tr\/index.php?rest_route=\/wp\/v2\/posts\/323756\/revisions"}],"predecessor-version":[{"id":323758,"href":"https:\/\/archive.sana.sy\/tr\/index.php?rest_route=\/wp\/v2\/posts\/323756\/revisions\/323758"}],"wp:featuredmedia":[{"embeddable":true,"href":"https:\/\/archive.sana.sy\/tr\/index.php?rest_route=\/wp\/v2\/media\/323757"}],"wp:attachment":[{"href":"https:\/\/archive.sana.sy\/tr\/index.php?rest_route=%2Fwp%2Fv2%2Fmedia&parent=323756"}],"wp:term":[{"taxonomy":"category","embeddable":true,"href":"https:\/\/archive.sana.sy\/tr\/index.php?rest_route=%2Fwp%2Fv2%2Fcategories&post=323756"},{"taxonomy":"post_tag","embeddable":true,"href":"https:\/\/archive.sana.sy\/tr\/index.php?rest_route=%2Fwp%2Fv2%2Ftags&post=323756"}],"curies":[{"name":"wp","href":"https:\/\/api.w.org\/{rel}","templated":true}]}}