{"id":323759,"date":"2025-06-24T09:40:01","date_gmt":"2025-06-24T06:40:01","guid":{"rendered":"https:\/\/sana.sy\/tr\/?p=323759"},"modified":"2025-06-24T15:07:58","modified_gmt":"2025-06-24T12:07:58","slug":"el-sukaf-ve-bedir-suriye-ulastirma-bakanliginda-idari-performansi-artirma-yollarini-gorustu","status":"publish","type":"post","link":"https:\/\/archive.sana.sy\/tr\/?p=323759","title":{"rendered":"El Sukaf ve Bedir, Suriye Ula\u015ft\u0131rma Bakanl\u0131\u011f\u0131&#8217;nda \u0130dari Performans\u0131 Art\u0131rma Yollar\u0131n\u0131 G\u00f6r\u00fc\u015ft\u00fc"},"content":{"rendered":"<p style=\"text-align: justify;\"><span style=\"color: #ff0000;\"><strong>\u015eAM (SANA) &#8211;<\/strong><\/span> Suriye \u0130dari Kalk\u0131nma Bakan\u0131 Say\u0131n Muhammed Hassan El Sukaf, Ula\u015ft\u0131rma Bakanl\u0131\u011f\u0131&#8217;n\u0131n te\u015fkilat yap\u0131s\u0131n\u0131n geli\u015ftirilmesine y\u00f6nelik bir dizi oturum kapsam\u0131nda Suriye Ula\u015ft\u0131rma Bakan\u0131 Yarub Bedir ile bir \u00e7al\u0131\u015fma oturumu ger\u00e7ekle\u015ftirdi.<\/p>\n<p style=\"text-align: justify;\">\u015eam&#8217;daki \u0130dari Kalk\u0131nma Bakanl\u0131\u011f\u0131 merkezinde d\u00fczenlenen toplant\u0131da, iki taraf, idari performans\u0131n art\u0131r\u0131lmas\u0131, bakanl\u0131\u011f\u0131n \u00e7al\u0131\u015fmalar\u0131na hizmet edecek rol ve g\u00f6revlerin b\u00fct\u00fcnle\u015ftirilmesi ve bir sonraki a\u015faman\u0131n gerekliliklerinin kar\u015f\u0131lanmas\u0131 konular\u0131 ele al\u0131nd\u0131.<\/p>\n","protected":false},"excerpt":{"rendered":"<p>\u015eAM (SANA) &#8211; Suriye \u0130dari Kalk\u0131nma Bakan\u0131 Say\u0131n Muhammed Hassan El Sukaf, Ula\u015ft\u0131rma Bakanl\u0131\u011f\u0131&#8217;n\u0131n te\u015fkilat yap\u0131s\u0131n\u0131n geli\u015ftirilmesine y\u00f6nelik bir dizi oturum kapsam\u0131nda Suriye Ula\u015ft\u0131rma Bakan\u0131 Yarub Bedir ile bir \u00e7al\u0131\u015fma oturumu ger\u00e7ekle\u015ftirdi. \u015eam&#8217;daki \u0130dari Kalk\u0131nma Bakanl\u0131\u011f\u0131 merkezinde d\u00fczenlenen toplant\u0131da, iki taraf, idari performans\u0131n art\u0131r\u0131lmas\u0131, bakanl\u0131\u011f\u0131n \u00e7al\u0131\u015fmalar\u0131na hizmet edecek rol ve g\u00f6revlerin b\u00fct\u00fcnle\u015ftirilmesi ve bir sonraki &hellip;<\/p>\n","protected":false},"author":36,"featured_media":323760,"comment_status":"closed","ping_status":"closed","sticky":false,"template":"","format":"standard","meta":{"footnotes":""},"categories":[589,479,17988,478],"tags":[],"class_list":["post-323759","post","type-post","status-publish","format-standard","has-post-thumbnail","","category-haber-seridi","category-haberler-yerel","category-son-haberler","category-yerel"],"_links":{"self":[{"href":"https:\/\/archive.sana.sy\/tr\/index.php?rest_route=\/wp\/v2\/posts\/323759","targetHints":{"allow":["GET"]}}],"collection":[{"href":"https:\/\/archive.sana.sy\/tr\/index.php?rest_route=\/wp\/v2\/posts"}],"about":[{"href":"https:\/\/archive.sana.sy\/tr\/index.php?rest_route=\/wp\/v2\/types\/post"}],"author":[{"embeddable":true,"href":"https:\/\/archive.sana.sy\/tr\/index.php?rest_route=\/wp\/v2\/users\/36"}],"replies":[{"embeddable":true,"href":"https:\/\/archive.sana.sy\/tr\/index.php?rest_route=%2Fwp%2Fv2%2Fcomments&post=323759"}],"version-history":[{"count":2,"href":"https:\/\/archive.sana.sy\/tr\/index.php?rest_route=\/wp\/v2\/posts\/323759\/revisions"}],"predecessor-version":[{"id":323778,"href":"https:\/\/archive.sana.sy\/tr\/index.php?rest_route=\/wp\/v2\/posts\/323759\/revisions\/323778"}],"wp:featuredmedia":[{"embeddable":true,"href":"https:\/\/archive.sana.sy\/tr\/index.php?rest_route=\/wp\/v2\/media\/323760"}],"wp:attachment":[{"href":"https:\/\/archive.sana.sy\/tr\/index.php?rest_route=%2Fwp%2Fv2%2Fmedia&parent=323759"}],"wp:term":[{"taxonomy":"category","embeddable":true,"href":"https:\/\/archive.sana.sy\/tr\/index.php?rest_route=%2Fwp%2Fv2%2Fcategories&post=323759"},{"taxonomy":"post_tag","embeddable":true,"href":"https:\/\/archive.sana.sy\/tr\/index.php?rest_route=%2Fwp%2Fv2%2Ftags&post=323759"}],"curies":[{"name":"wp","href":"https:\/\/api.w.org\/{rel}","templated":true}]}}