{"id":323762,"date":"2025-06-24T10:17:31","date_gmt":"2025-06-24T07:17:31","guid":{"rendered":"https:\/\/sana.sy\/tr\/?p=323762"},"modified":"2025-06-24T15:17:39","modified_gmt":"2025-06-24T12:17:39","slug":"kuresel-hosgoru-ve-baris-konseyi-suriyedeki-mar-elias-kilisesinin-bombalanmasi-sonucu-hayatini-kaybedenlere-bassagligi-diliyor","status":"publish","type":"post","link":"https:\/\/archive.sana.sy\/tr\/?p=323762","title":{"rendered":"K\u00fcresel Ho\u015fg\u00f6r\u00fc ve Bar\u0131\u015f Konseyi, Suriye\u2019deki Mar Elias Kilisesi\u2019nin Bombalanmas\u0131 Sonucu Hayat\u0131n\u0131 Kaybedenler \u0130\u00e7in Ba\u015fsa\u011fl\u0131\u011f\u0131 Diledi"},"content":{"rendered":"<p style=\"text-align: justify;\"><span style=\"color: #ff0000;\"><strong>ABU DAB\u0130 (SANA)<\/strong> &#8211; <\/span>K\u00fcresel Ho\u015fg\u00f6r\u00fc ve Bar\u0131\u015f Konseyi, \u015eam\u2019\u0131n Duveylia b\u00f6lgesindeki Mar Elias Kilisesi\u2019ni hedef alan ve can kayb\u0131 ve yaralanmalara yol a\u00e7an ter\u00f6rist bombalama sald\u0131r\u0131s\u0131n\u0131 k\u0131nad\u0131.<\/p>\n<p>Emirates Haber Ajans\u0131 \u201cWAM\u201d, Konsey Ba\u015fkan\u0131 Ahmed bin Muhammed El Cervan\u2019\u0131n, \u201c\u0130badet yerlerini ve kutsal mekanlar\u0131 hedef almak, t\u00fcm insani ve dini de\u011ferlerle \u00e7eli\u015fen korkak\u00e7a bir eylemdir ve toplumlar\u0131 istikrars\u0131zla\u015ft\u0131rmay\u0131, bile\u015fenleri aras\u0131nda ayr\u0131l\u0131k ve nefret ekmeyi ama\u00e7lamaktad\u0131r.\u201d dedi\u011fini aktard\u0131.<\/p>\n<p>Konsey, Suriye Arap Cumhuriyeti Cumhurba\u015fkan\u0131 Say\u0131n Ahmed El \u015eara\u2019ya, ma\u011fdurlar\u0131n ailelerine ve Suriye halk\u0131na i\u00e7ten taziyelerini sunarak, kendileriyle tam dayan\u0131\u015fma i\u00e7inde oldu\u011funu ve yaral\u0131lara acil \u015fifalar diledi\u011fini belirtti.<\/p>\n<p>Konsey ayr\u0131ca, ho\u015fg\u00f6r\u00fc, bir arada ya\u015fama ve kutsallara sayg\u0131 de\u011ferlerini te\u015fvik etme, \u015fiddeti ve a\u015f\u0131r\u0131l\u0131\u011f\u0131 reddetmek ve t\u00fcm toplumlarda bar\u0131\u015f k\u00fclt\u00fcr\u00fcn\u00fc yayg\u0131nla\u015ft\u0131rmak i\u00e7in birlikte \u00e7al\u0131\u015fma \u00e7a\u011fr\u0131s\u0131n\u0131 yineledi.<\/p>\n","protected":false},"excerpt":{"rendered":"<p>ABU DAB\u0130 (SANA) &#8211; K\u00fcresel Ho\u015fg\u00f6r\u00fc ve Bar\u0131\u015f Konseyi, \u015eam\u2019\u0131n Duveylia b\u00f6lgesindeki Mar Elias Kilisesi\u2019ni hedef alan ve can kayb\u0131 ve yaralanmalara yol a\u00e7an ter\u00f6rist bombalama sald\u0131r\u0131s\u0131n\u0131 k\u0131nad\u0131. Emirates Haber Ajans\u0131 \u201cWAM\u201d, Konsey Ba\u015fkan\u0131 Ahmed bin Muhammed El Cervan\u2019\u0131n, \u201c\u0130badet yerlerini ve kutsal mekanlar\u0131 hedef almak, t\u00fcm insani ve dini de\u011ferlerle \u00e7eli\u015fen korkak\u00e7a bir eylemdir &hellip;<\/p>\n","protected":false},"author":36,"featured_media":323763,"comment_status":"closed","ping_status":"closed","sticky":false,"template":"","format":"standard","meta":{"footnotes":""},"categories":[458,589,459,17988],"tags":[],"class_list":["post-323762","post","type-post","status-publish","format-standard","has-post-thumbnail","","category-dunya1","category-haber-seridi","category-haberler-arap-uluslararasi-politika","category-son-haberler"],"_links":{"self":[{"href":"https:\/\/archive.sana.sy\/tr\/index.php?rest_route=\/wp\/v2\/posts\/323762","targetHints":{"allow":["GET"]}}],"collection":[{"href":"https:\/\/archive.sana.sy\/tr\/index.php?rest_route=\/wp\/v2\/posts"}],"about":[{"href":"https:\/\/archive.sana.sy\/tr\/index.php?rest_route=\/wp\/v2\/types\/post"}],"author":[{"embeddable":true,"href":"https:\/\/archive.sana.sy\/tr\/index.php?rest_route=\/wp\/v2\/users\/36"}],"replies":[{"embeddable":true,"href":"https:\/\/archive.sana.sy\/tr\/index.php?rest_route=%2Fwp%2Fv2%2Fcomments&post=323762"}],"version-history":[{"count":3,"href":"https:\/\/archive.sana.sy\/tr\/index.php?rest_route=\/wp\/v2\/posts\/323762\/revisions"}],"predecessor-version":[{"id":323779,"href":"https:\/\/archive.sana.sy\/tr\/index.php?rest_route=\/wp\/v2\/posts\/323762\/revisions\/323779"}],"wp:featuredmedia":[{"embeddable":true,"href":"https:\/\/archive.sana.sy\/tr\/index.php?rest_route=\/wp\/v2\/media\/323763"}],"wp:attachment":[{"href":"https:\/\/archive.sana.sy\/tr\/index.php?rest_route=%2Fwp%2Fv2%2Fmedia&parent=323762"}],"wp:term":[{"taxonomy":"category","embeddable":true,"href":"https:\/\/archive.sana.sy\/tr\/index.php?rest_route=%2Fwp%2Fv2%2Fcategories&post=323762"},{"taxonomy":"post_tag","embeddable":true,"href":"https:\/\/archive.sana.sy\/tr\/index.php?rest_route=%2Fwp%2Fv2%2Ftags&post=323762"}],"curies":[{"name":"wp","href":"https:\/\/api.w.org\/{rel}","templated":true}]}}