{"id":323765,"date":"2025-06-24T11:09:06","date_gmt":"2025-06-24T08:09:06","guid":{"rendered":"https:\/\/sana.sy\/tr\/?p=323765"},"modified":"2025-06-24T11:09:06","modified_gmt":"2025-06-24T08:09:06","slug":"pakistan-suriyedeki-mar-elias-kilisesinin-bombalanmasini-siddetle-kinadi","status":"publish","type":"post","link":"https:\/\/archive.sana.sy\/tr\/?p=323765","title":{"rendered":"Pakistan, Suriye&#8217;deki Mar Elias Kilisesi&#8217;nin Bombalanmas\u0131n\u0131 \u015eiddetle K\u0131nad\u0131"},"content":{"rendered":"<p style=\"text-align: justify;\"><span style=\"color: #ff0000;\"><strong>\u0130SLAMABAD (SANA)<\/strong> &#8211;<\/span>\u00a0Pakistan, \u015eam&#8217;daki Mar Elias Kilisesi&#8217;ni hedef alan ve \u00e7ok say\u0131da masum insan\u0131n hayat\u0131n\u0131 kaybetmesine neden olan ter\u00f6r sald\u0131r\u0131s\u0131n\u0131 sert bir dille k\u0131nayarak, Suriye&#8217;de bar\u0131\u015f ve istikrar\u0131 destekleme taahh\u00fcd\u00fcn\u00fc yineledi.<\/p>\n<p style=\"text-align: justify;\">Pakistan D\u0131\u015fi\u015fleri Bakanl\u0131\u011f\u0131, Twitter hesab\u0131ndan yapt\u0131\u011f\u0131 a\u00e7\u0131klamada, &#8220;Pakistan, Duveylia Mar Elias Kilisesi&#8217;ni hedef alan ve \u00e7ok say\u0131da masum insan\u0131n \u00f6l\u00fcm\u00fcne ve yaralanmas\u0131na yol a\u00e7an ter\u00f6rist bombalama sald\u0131r\u0131s\u0131n\u0131 \u015fiddetle k\u0131n\u0131yor&#8221; ifadelerine yer verdi.<\/p>\n<p style=\"text-align: justify;\">Bakanl\u0131k, karde\u015f Suriye halk\u0131na tam dayan\u0131\u015fma i\u00e7inde olduklar\u0131n\u0131, en i\u00e7ten taziyelerini ileterek, yaral\u0131lara acil \u015fifalar dilediklerini bildirdi.<\/p>\n","protected":false},"excerpt":{"rendered":"<p>\u0130SLAMABAD (SANA) &#8211;\u00a0Pakistan, \u015eam&#8217;daki Mar Elias Kilisesi&#8217;ni hedef alan ve \u00e7ok say\u0131da masum insan\u0131n hayat\u0131n\u0131 kaybetmesine neden olan ter\u00f6r sald\u0131r\u0131s\u0131n\u0131 sert bir dille k\u0131nayarak, Suriye&#8217;de bar\u0131\u015f ve istikrar\u0131 destekleme taahh\u00fcd\u00fcn\u00fc yineledi. Pakistan D\u0131\u015fi\u015fleri Bakanl\u0131\u011f\u0131, Twitter hesab\u0131ndan yapt\u0131\u011f\u0131 a\u00e7\u0131klamada, &#8220;Pakistan, Duveylia Mar Elias Kilisesi&#8217;ni hedef alan ve \u00e7ok say\u0131da masum insan\u0131n \u00f6l\u00fcm\u00fcne ve yaralanmas\u0131na yol a\u00e7an &hellip;<\/p>\n","protected":false},"author":36,"featured_media":323766,"comment_status":"closed","ping_status":"closed","sticky":false,"template":"","format":"standard","meta":{"footnotes":""},"categories":[458,589,459,17988],"tags":[],"class_list":["post-323765","post","type-post","status-publish","format-standard","has-post-thumbnail","","category-dunya1","category-haber-seridi","category-haberler-arap-uluslararasi-politika","category-son-haberler"],"_links":{"self":[{"href":"https:\/\/archive.sana.sy\/tr\/index.php?rest_route=\/wp\/v2\/posts\/323765","targetHints":{"allow":["GET"]}}],"collection":[{"href":"https:\/\/archive.sana.sy\/tr\/index.php?rest_route=\/wp\/v2\/posts"}],"about":[{"href":"https:\/\/archive.sana.sy\/tr\/index.php?rest_route=\/wp\/v2\/types\/post"}],"author":[{"embeddable":true,"href":"https:\/\/archive.sana.sy\/tr\/index.php?rest_route=\/wp\/v2\/users\/36"}],"replies":[{"embeddable":true,"href":"https:\/\/archive.sana.sy\/tr\/index.php?rest_route=%2Fwp%2Fv2%2Fcomments&post=323765"}],"version-history":[{"count":1,"href":"https:\/\/archive.sana.sy\/tr\/index.php?rest_route=\/wp\/v2\/posts\/323765\/revisions"}],"predecessor-version":[{"id":323767,"href":"https:\/\/archive.sana.sy\/tr\/index.php?rest_route=\/wp\/v2\/posts\/323765\/revisions\/323767"}],"wp:featuredmedia":[{"embeddable":true,"href":"https:\/\/archive.sana.sy\/tr\/index.php?rest_route=\/wp\/v2\/media\/323766"}],"wp:attachment":[{"href":"https:\/\/archive.sana.sy\/tr\/index.php?rest_route=%2Fwp%2Fv2%2Fmedia&parent=323765"}],"wp:term":[{"taxonomy":"category","embeddable":true,"href":"https:\/\/archive.sana.sy\/tr\/index.php?rest_route=%2Fwp%2Fv2%2Fcategories&post=323765"},{"taxonomy":"post_tag","embeddable":true,"href":"https:\/\/archive.sana.sy\/tr\/index.php?rest_route=%2Fwp%2Fv2%2Ftags&post=323765"}],"curies":[{"name":"wp","href":"https:\/\/api.w.org\/{rel}","templated":true}]}}