{"id":323771,"date":"2025-06-24T13:13:38","date_gmt":"2025-06-24T10:13:38","guid":{"rendered":"https:\/\/sana.sy\/tr\/?p=323771"},"modified":"2025-06-24T15:04:43","modified_gmt":"2025-06-24T12:04:43","slug":"urdun-kraliyet-havayollari-suriyedeki-halep-havalimanina-ucuslarin-yeniden-basladigini-ilan-etti","status":"publish","type":"post","link":"https:\/\/archive.sana.sy\/tr\/?p=323771","title":{"rendered":"\u00dcrd\u00fcn Kraliyet Havayollar\u0131, Suriye&#8217;deki Halep Havaliman\u0131&#8217;na U\u00e7u\u015flar\u0131n Yeniden Ba\u015flad\u0131\u011f\u0131n\u0131 \u0130lan Etti"},"content":{"rendered":"<p style=\"text-align: justify;\"><span style=\"color: #ff0000;\"><strong>AMMAN (SANA)<\/strong> <\/span>&#8211; Royal Jordanian CEO&#8217;su Samer El Mecali, \u00dcrd\u00fcn Kraliyet Havayollar\u0131 bug\u00fcn Halep Havaliman\u0131&#8217;na u\u00e7u\u015flar\u0131n\u0131 yeniden ba\u015flatt\u0131\u011f\u0131n\u0131 s\u00f6yledi.<\/p>\n<p style=\"text-align: justify;\">\u00dcrd\u00fcn&#8217;\u00fcn El Mamlaka televizyonunun haberine g\u00f6re, El Mecali, &#8220;Krali\u00e7e Aliye Havaliman\u0131&#8217;ndan Halep Havaliman\u0131&#8217;na u\u00e7u\u015flar\u0131n yeniden ba\u015flamas\u0131, Royal Jordanian&#8217;\u0131n ge\u00e7en mart ay\u0131nda haz\u0131rl\u0131k durumunu de\u011ferlendirmek i\u00e7in ger\u00e7ekle\u015ftirdi\u011fi deneme u\u00e7u\u015funun ard\u0131ndan ger\u00e7ekle\u015fti&#8221; diyerek, Ba\u011fdat ve \u015eam&#8217;a u\u00e7u\u015flar\u0131n yak\u0131nda yeniden ba\u015flat\u0131lmas\u0131 planland\u0131\u011f\u0131n\u0131 kaydetti.<\/p>\n","protected":false},"excerpt":{"rendered":"<p>AMMAN (SANA) &#8211; Royal Jordanian CEO&#8217;su Samer El Mecali, \u00dcrd\u00fcn Kraliyet Havayollar\u0131 bug\u00fcn Halep Havaliman\u0131&#8217;na u\u00e7u\u015flar\u0131n\u0131 yeniden ba\u015flatt\u0131\u011f\u0131n\u0131 s\u00f6yledi. \u00dcrd\u00fcn&#8217;\u00fcn El Mamlaka televizyonunun haberine g\u00f6re, El Mecali, &#8220;Krali\u00e7e Aliye Havaliman\u0131&#8217;ndan Halep Havaliman\u0131&#8217;na u\u00e7u\u015flar\u0131n yeniden ba\u015flamas\u0131, Royal Jordanian&#8217;\u0131n ge\u00e7en mart ay\u0131nda haz\u0131rl\u0131k durumunu de\u011ferlendirmek i\u00e7in ger\u00e7ekle\u015ftirdi\u011fi deneme u\u00e7u\u015funun ard\u0131ndan ger\u00e7ekle\u015fti&#8221; diyerek, Ba\u011fdat ve \u015eam&#8217;a u\u00e7u\u015flar\u0131n yak\u0131nda &hellip;<\/p>\n","protected":false},"author":36,"featured_media":323772,"comment_status":"closed","ping_status":"closed","sticky":false,"template":"","format":"standard","meta":{"footnotes":""},"categories":[458,589,459,17988],"tags":[],"class_list":["post-323771","post","type-post","status-publish","format-standard","has-post-thumbnail","","category-dunya1","category-haber-seridi","category-haberler-arap-uluslararasi-politika","category-son-haberler"],"_links":{"self":[{"href":"https:\/\/archive.sana.sy\/tr\/index.php?rest_route=\/wp\/v2\/posts\/323771","targetHints":{"allow":["GET"]}}],"collection":[{"href":"https:\/\/archive.sana.sy\/tr\/index.php?rest_route=\/wp\/v2\/posts"}],"about":[{"href":"https:\/\/archive.sana.sy\/tr\/index.php?rest_route=\/wp\/v2\/types\/post"}],"author":[{"embeddable":true,"href":"https:\/\/archive.sana.sy\/tr\/index.php?rest_route=\/wp\/v2\/users\/36"}],"replies":[{"embeddable":true,"href":"https:\/\/archive.sana.sy\/tr\/index.php?rest_route=%2Fwp%2Fv2%2Fcomments&post=323771"}],"version-history":[{"count":3,"href":"https:\/\/archive.sana.sy\/tr\/index.php?rest_route=\/wp\/v2\/posts\/323771\/revisions"}],"predecessor-version":[{"id":323776,"href":"https:\/\/archive.sana.sy\/tr\/index.php?rest_route=\/wp\/v2\/posts\/323771\/revisions\/323776"}],"wp:featuredmedia":[{"embeddable":true,"href":"https:\/\/archive.sana.sy\/tr\/index.php?rest_route=\/wp\/v2\/media\/323772"}],"wp:attachment":[{"href":"https:\/\/archive.sana.sy\/tr\/index.php?rest_route=%2Fwp%2Fv2%2Fmedia&parent=323771"}],"wp:term":[{"taxonomy":"category","embeddable":true,"href":"https:\/\/archive.sana.sy\/tr\/index.php?rest_route=%2Fwp%2Fv2%2Fcategories&post=323771"},{"taxonomy":"post_tag","embeddable":true,"href":"https:\/\/archive.sana.sy\/tr\/index.php?rest_route=%2Fwp%2Fv2%2Ftags&post=323771"}],"curies":[{"name":"wp","href":"https:\/\/api.w.org\/{rel}","templated":true}]}}