{"id":32378,"date":"2015-05-06T21:48:23","date_gmt":"2015-05-06T18:48:23","guid":{"rendered":"http:\/\/sana.sy\/tr\/?p=32378"},"modified":"2015-05-07T12:50:10","modified_gmt":"2015-05-07T09:50:10","slug":"suriyede-bazilarinin-yaptigi-gibi-siddeti-koruklemek-degil-durdurmak-icin-calisilmalidir","status":"publish","type":"post","link":"https:\/\/archive.sana.sy\/tr\/?p=32378","title":{"rendered":"Suriye\u2019de Baz\u0131lar\u0131n\u0131n Yapt\u0131\u011f\u0131 Gibi \u015eiddeti K\u00f6r\u00fcklemek De\u011fil Durdurmak \u0130\u00e7in \u00c7al\u0131\u015f\u0131lmal\u0131d\u0131r"},"content":{"rendered":"<p>MOSKOVA \u2013 Birle\u015fmi\u015f Milletler Genel Sekreteri Ban Ki-moon, Suriye\u2019deki \u015fiddeti durdurmak yerine \u015fiddeti k\u00f6r\u00fcklemeye \u00e7al\u0131\u015fan taraflar\u0131 ele\u015ftirdi.<\/p>\n<p>Ban, uluslararas\u0131 toplumun Suriye\u2019deki krizi \u00e7\u00f6zmek i\u00e7in bir araya gelmedeki \u201cacizlikleri ve isteksizliklerine\u201d y\u00f6nelik endi\u015fesini dile getirdi.<\/p>\n<p>Ban, Rus \u0130nterfaks Ajans\u0131na verdi\u011fi deme\u00e7te, Suriye\u2019nin ya\u015fad\u0131\u011f\u0131 olay ve ac\u0131lardan dolay\u0131 \u015fokta oldu\u011funu ifade etti.<\/p>\n<p>Ban, Suriye\u2019nin tan\u0131k oldu\u011fu krizin, \u201cmuas\u0131r \u00e7a\u011f\u0131m\u0131z krizlerinin tan\u0131k oldu\u011fu en k\u00f6t\u00fc krizle\u201d kar\u015f\u0131 kar\u015f\u0131ya oldu\u011funu dile getirdi.<\/p>\n<p>S.\u015e<\/p>\n<p>&nbsp;<\/p>\n","protected":false},"excerpt":{"rendered":"<p>MOSKOVA \u2013 Birle\u015fmi\u015f Milletler Genel Sekreteri Ban Ki-moon, Suriye\u2019deki \u015fiddeti durdurmak yerine \u015fiddeti k\u00f6r\u00fcklemeye \u00e7al\u0131\u015fan taraflar\u0131 ele\u015ftirdi. Ban, uluslararas\u0131 toplumun Suriye\u2019deki krizi \u00e7\u00f6zmek i\u00e7in bir araya gelmedeki \u201cacizlikleri ve isteksizliklerine\u201d y\u00f6nelik endi\u015fesini dile getirdi. Ban, Rus \u0130nterfaks Ajans\u0131na verdi\u011fi deme\u00e7te, Suriye\u2019nin ya\u015fad\u0131\u011f\u0131 olay ve ac\u0131lardan dolay\u0131 \u015fokta oldu\u011funu ifade etti. Ban, Suriye\u2019nin tan\u0131k oldu\u011fu krizin, &hellip;<\/p>\n","protected":false},"author":2,"featured_media":32381,"comment_status":"closed","ping_status":"closed","sticky":false,"template":"","format":"standard","meta":{"footnotes":""},"categories":[458,459,447],"tags":[14353],"class_list":["post-32378","post","type-post","status-publish","format-standard","has-post-thumbnail","","category-dunya1","category-haberler-arap-uluslararasi-politika","category-politika","tag-suriyede-bazilarinin-yaptigi-gibi-siddeti-koruklemek-degil-durdurmak-icin-calisilmalidir"],"_links":{"self":[{"href":"https:\/\/archive.sana.sy\/tr\/index.php?rest_route=\/wp\/v2\/posts\/32378","targetHints":{"allow":["GET"]}}],"collection":[{"href":"https:\/\/archive.sana.sy\/tr\/index.php?rest_route=\/wp\/v2\/posts"}],"about":[{"href":"https:\/\/archive.sana.sy\/tr\/index.php?rest_route=\/wp\/v2\/types\/post"}],"author":[{"embeddable":true,"href":"https:\/\/archive.sana.sy\/tr\/index.php?rest_route=\/wp\/v2\/users\/2"}],"replies":[{"embeddable":true,"href":"https:\/\/archive.sana.sy\/tr\/index.php?rest_route=%2Fwp%2Fv2%2Fcomments&post=32378"}],"version-history":[{"count":0,"href":"https:\/\/archive.sana.sy\/tr\/index.php?rest_route=\/wp\/v2\/posts\/32378\/revisions"}],"wp:featuredmedia":[{"embeddable":true,"href":"https:\/\/archive.sana.sy\/tr\/index.php?rest_route=\/wp\/v2\/media\/32381"}],"wp:attachment":[{"href":"https:\/\/archive.sana.sy\/tr\/index.php?rest_route=%2Fwp%2Fv2%2Fmedia&parent=32378"}],"wp:term":[{"taxonomy":"category","embeddable":true,"href":"https:\/\/archive.sana.sy\/tr\/index.php?rest_route=%2Fwp%2Fv2%2Fcategories&post=32378"},{"taxonomy":"post_tag","embeddable":true,"href":"https:\/\/archive.sana.sy\/tr\/index.php?rest_route=%2Fwp%2Fv2%2Ftags&post=32378"}],"curies":[{"name":"wp","href":"https:\/\/api.w.org\/{rel}","templated":true}]}}