{"id":323780,"date":"2025-06-24T15:44:20","date_gmt":"2025-06-24T12:44:20","guid":{"rendered":"https:\/\/sana.sy\/tr\/?p=323780"},"modified":"2025-06-26T09:34:58","modified_gmt":"2025-06-26T06:34:58","slug":"disisleri-bakanligi-abnin-devrik-rejimin-artiklarinin-liderlerine-uyguladigi-yaptirimlari-memnuniyetle-karsiladi","status":"publish","type":"post","link":"https:\/\/archive.sana.sy\/tr\/?p=323780","title":{"rendered":"D\u0131\u015fi\u015fleri Bakanl\u0131\u011f\u0131, AB&#8217;nin Devrik Rejimin Art\u0131klar\u0131n\u0131n Liderlerine Uygulad\u0131\u011f\u0131 Yapt\u0131r\u0131mlar\u0131 Memnuniyetle Kar\u015f\u0131lad\u0131"},"content":{"rendered":"<p style=\"text-align: justify;\"><span style=\"color: #ff0000;\"><strong>\u015eAM (SANA)<\/strong> <\/span>&#8211;\u00a0 Suriye Arap Cumhuriyeti D\u0131\u015fi\u015fleri ve Gurbet\u00e7iler Bakanl\u0131\u011f\u0131, Avrupa Birli\u011fi&#8217;nin devrik rejimin art\u0131klar\u0131n\u0131n bir dizi liderine yapt\u0131r\u0131m uygulama karar\u0131n\u0131 memnuniyetle kar\u015f\u0131lad\u0131:<\/p>\n<p style=\"text-align: justify;\">S\u00fcheyl Hasan, Gays Dalla, Mukdad Fteyha, Mudalal Khoury ve Imad Khoury.<\/p>\n<p style=\"text-align: justify;\">Bu, Suriye vatanda\u015flar\u0131na kar\u015f\u0131 ciddi su\u00e7lar i\u015flemedeki kat\u0131l\u0131mlar\u0131, g\u00fcvenlik personeli ve sivillere y\u00f6nelik tekrarlanan sald\u0131r\u0131lar\u0131 yoluyla mezhepsel \u00e7at\u0131\u015fmay\u0131 k\u00f6r\u00fcklemeye do\u011frudan katk\u0131 sa\u011flamalar\u0131 ve sahil b\u00f6lgelerini istikrars\u0131zla\u015ft\u0131rmaya y\u00f6nelik devam eden giri\u015fimleri zemininde ger\u00e7ekle\u015fti.<\/p>\n<p style=\"text-align: justify;\">Bakanl\u0131k, bir bas\u0131n a\u00e7\u0131klamas\u0131nda, bu karar\u0131n Avrupa Birli\u011fi ve uluslararas\u0131 toplum aras\u0131nda bu ki\u015filerin i\u015fledi\u011fi ihlallerin kapsam\u0131 ve k\u0131y\u0131daki talihsiz olaylar\u0131 k\u00f6r\u00fcklemedeki \u00f6nemli rolleri konusunda artan bir fark\u0131ndal\u0131\u011f\u0131 yans\u0131tt\u0131\u011f\u0131n\u0131 do\u011frulad\u0131.<\/p>\n<p style=\"text-align: justify;\">Bakanl\u0131k ayr\u0131ca, bu olaylar\u0131 soru\u015fturmak \u00fczere Cumhurba\u015fkanl\u0131\u011f\u0131 taraf\u0131ndan g\u00f6revlendirilen komitenin tamamlanmak \u00fczere oldu\u011funu, soru\u015fturmalar\u0131n sonu\u00e7lar\u0131n\u0131 sunmak ve sorumlular\u0131 Cumhurba\u015fkanl\u0131\u011f\u0131na hesap vermeye haz\u0131rlamak i\u00e7in haz\u0131rland\u0131\u011f\u0131n\u0131 kaydetti.<\/p>\n<p style=\"text-align: justify;\">D\u0131\u015fi\u015fleri Bakanl\u0131\u011f\u0131 a\u00e7\u0131klamas\u0131n\u0131 \u015fu ifadelerle tamamlad\u0131: \u2018\u2019Suriye h\u00fck\u00fcmeti, bu su\u00e7lara kar\u0131\u015fan herkesi, \u00fclke i\u00e7inde veya d\u0131\u015f\u0131nda, nerede olurlarsa olsunlar, adalete teslim edilmelerini ve ma\u011fdurlara tazminat \u00f6denmesini sa\u011flamak i\u00e7in kovu\u015fturma taahh\u00fcd\u00fcn\u00fc yeniliyor.\u2019\u2019<\/p>\n","protected":false},"excerpt":{"rendered":"<p>\u015eAM (SANA) &#8211;\u00a0 Suriye Arap Cumhuriyeti D\u0131\u015fi\u015fleri ve Gurbet\u00e7iler Bakanl\u0131\u011f\u0131, Avrupa Birli\u011fi&#8217;nin devrik rejimin art\u0131klar\u0131n\u0131n bir dizi liderine yapt\u0131r\u0131m uygulama karar\u0131n\u0131 memnuniyetle kar\u015f\u0131lad\u0131: S\u00fcheyl Hasan, Gays Dalla, Mukdad Fteyha, Mudalal Khoury ve Imad Khoury. Bu, Suriye vatanda\u015flar\u0131na kar\u015f\u0131 ciddi su\u00e7lar i\u015flemedeki kat\u0131l\u0131mlar\u0131, g\u00fcvenlik personeli ve sivillere y\u00f6nelik tekrarlanan sald\u0131r\u0131lar\u0131 yoluyla mezhepsel \u00e7at\u0131\u015fmay\u0131 k\u00f6r\u00fcklemeye do\u011frudan katk\u0131 &hellip;<\/p>\n","protected":false},"author":41,"featured_media":323782,"comment_status":"closed","ping_status":"closed","sticky":false,"template":"","format":"standard","meta":{"footnotes":""},"categories":[479,17988,478],"tags":[],"class_list":["post-323780","post","type-post","status-publish","format-standard","has-post-thumbnail","","category-haberler-yerel","category-son-haberler","category-yerel"],"_links":{"self":[{"href":"https:\/\/archive.sana.sy\/tr\/index.php?rest_route=\/wp\/v2\/posts\/323780","targetHints":{"allow":["GET"]}}],"collection":[{"href":"https:\/\/archive.sana.sy\/tr\/index.php?rest_route=\/wp\/v2\/posts"}],"about":[{"href":"https:\/\/archive.sana.sy\/tr\/index.php?rest_route=\/wp\/v2\/types\/post"}],"author":[{"embeddable":true,"href":"https:\/\/archive.sana.sy\/tr\/index.php?rest_route=\/wp\/v2\/users\/41"}],"replies":[{"embeddable":true,"href":"https:\/\/archive.sana.sy\/tr\/index.php?rest_route=%2Fwp%2Fv2%2Fcomments&post=323780"}],"version-history":[{"count":2,"href":"https:\/\/archive.sana.sy\/tr\/index.php?rest_route=\/wp\/v2\/posts\/323780\/revisions"}],"predecessor-version":[{"id":323787,"href":"https:\/\/archive.sana.sy\/tr\/index.php?rest_route=\/wp\/v2\/posts\/323780\/revisions\/323787"}],"wp:featuredmedia":[{"embeddable":true,"href":"https:\/\/archive.sana.sy\/tr\/index.php?rest_route=\/wp\/v2\/media\/323782"}],"wp:attachment":[{"href":"https:\/\/archive.sana.sy\/tr\/index.php?rest_route=%2Fwp%2Fv2%2Fmedia&parent=323780"}],"wp:term":[{"taxonomy":"category","embeddable":true,"href":"https:\/\/archive.sana.sy\/tr\/index.php?rest_route=%2Fwp%2Fv2%2Fcategories&post=323780"},{"taxonomy":"post_tag","embeddable":true,"href":"https:\/\/archive.sana.sy\/tr\/index.php?rest_route=%2Fwp%2Fv2%2Ftags&post=323780"}],"curies":[{"name":"wp","href":"https:\/\/api.w.org\/{rel}","templated":true}]}}