{"id":323788,"date":"2025-06-24T16:53:13","date_gmt":"2025-06-24T13:53:13","guid":{"rendered":"https:\/\/sana.sy\/tr\/?p=323788"},"modified":"2025-06-26T09:35:16","modified_gmt":"2025-06-26T06:35:16","slug":"disisleri-bakanligi-meydana-gelen-teror-saldirisi-sonrasinda-bassagligi-dileklerini-ileten-kardes-ve-dost-ulkelere-derin-sukranlarini-sundu","status":"publish","type":"post","link":"https:\/\/archive.sana.sy\/tr\/?p=323788","title":{"rendered":"D\u0131\u015fi\u015fleri Bakanl\u0131\u011f\u0131, Meydana Gelen Ter\u00f6r Sald\u0131r\u0131s\u0131 Sonras\u0131nda Ba\u015fsa\u011fl\u0131\u011f\u0131 Dileklerini \u0130leten Karde\u015f Ve Dost \u00dclkelere Derin \u015e\u00fckranlar\u0131n\u0131 Sundu"},"content":{"rendered":"<p style=\"text-align: justify;\"><strong><span style=\"color: #ff0000;\">\u015eAM (SANA)<\/span> &#8211;\u00a0 <\/strong>D\u0131\u015fi\u015fleri ve Gurbet\u00e7iler Bakanl\u0131\u011f\u0131 bug\u00fcn yapt\u0131\u011f\u0131 a\u00e7\u0131klamada, \u00a0\u015eam&#8217;\u0131n Duveylia semtindeki Mar \u0130lyas Kilisesi&#8217;ni hedef alan korkak\u00e7a ter\u00f6r sald\u0131r\u0131s\u0131n\u0131n ard\u0131ndan Suriye Arap Cumhuriyeti&#8217;ne i\u00e7ten ba\u015fsa\u011fl\u0131\u011f\u0131 ve karde\u015f\u00e7e taziyelerini iletmek i\u00e7in acele eden t\u00fcm karde\u015f ve dost \u00fclkelere ve uluslararas\u0131 kurulu\u015flara derin \u015f\u00fckran ve takdirlerini sundu.<\/p>\n<p style=\"text-align: justify;\">Bakanl\u0131k a\u00e7\u0131klamas\u0131nda ayr\u0131ca\u00a0 \u015funlar\u0131 s\u00f6yledi: <strong>\u2018\u2019<\/strong>D\u00fcnya h\u00fck\u00fcmetleri ve halklar\u0131 taraf\u0131ndan dile getirilen bu asil duru\u015flar, insan dayan\u0131\u015fmas\u0131 ruhunun derinli\u011fini ve ortak de\u011ferlere ba\u011fl\u0131l\u0131\u011f\u0131 somutla\u015ft\u0131rmakta ve zor zamanlarda sa\u011flam uluslararas\u0131 i\u015fbirli\u011fi ilkelerine olan g\u00fcveni peki\u015ftirmektedir.\u2019\u2019<\/p>\n<p style=\"text-align: justify;\">Bakanl\u0131k a\u00e7\u0131klamas\u0131nda \u015fu ifadelerle tamamlad\u0131: <strong>\u2018\u2019<\/strong>Sonu\u00e7 olarak Suriye Arap Cumhuriyeti, bu t\u00fcr su\u00e7 eylemlerinin kendisini toprak b\u00fct\u00fcnl\u00fc\u011f\u00fcn\u00fc ve halk\u0131n\u0131n g\u00fcvenli\u011fini savunmaktan ve bu korkak\u00e7a eylemlerin arkas\u0131ndaki herkesi takip etmekten al\u0131koyamayaca\u011f\u0131n\u0131 bir kez daha teyit etmektedir.\u2019\u2019<\/p>\n","protected":false},"excerpt":{"rendered":"<p>\u015eAM (SANA) &#8211;\u00a0 D\u0131\u015fi\u015fleri ve Gurbet\u00e7iler Bakanl\u0131\u011f\u0131 bug\u00fcn yapt\u0131\u011f\u0131 a\u00e7\u0131klamada, \u00a0\u015eam&#8217;\u0131n Duveylia semtindeki Mar \u0130lyas Kilisesi&#8217;ni hedef alan korkak\u00e7a ter\u00f6r sald\u0131r\u0131s\u0131n\u0131n ard\u0131ndan Suriye Arap Cumhuriyeti&#8217;ne i\u00e7ten ba\u015fsa\u011fl\u0131\u011f\u0131 ve karde\u015f\u00e7e taziyelerini iletmek i\u00e7in acele eden t\u00fcm karde\u015f ve dost \u00fclkelere ve uluslararas\u0131 kurulu\u015flara derin \u015f\u00fckran ve takdirlerini sundu. Bakanl\u0131k a\u00e7\u0131klamas\u0131nda ayr\u0131ca\u00a0 \u015funlar\u0131 s\u00f6yledi: \u2018\u2019D\u00fcnya h\u00fck\u00fcmetleri ve &hellip;<\/p>\n","protected":false},"author":41,"featured_media":323789,"comment_status":"closed","ping_status":"closed","sticky":false,"template":"","format":"standard","meta":{"footnotes":""},"categories":[479,17988,478],"tags":[],"class_list":["post-323788","post","type-post","status-publish","format-standard","has-post-thumbnail","","category-haberler-yerel","category-son-haberler","category-yerel"],"_links":{"self":[{"href":"https:\/\/archive.sana.sy\/tr\/index.php?rest_route=\/wp\/v2\/posts\/323788","targetHints":{"allow":["GET"]}}],"collection":[{"href":"https:\/\/archive.sana.sy\/tr\/index.php?rest_route=\/wp\/v2\/posts"}],"about":[{"href":"https:\/\/archive.sana.sy\/tr\/index.php?rest_route=\/wp\/v2\/types\/post"}],"author":[{"embeddable":true,"href":"https:\/\/archive.sana.sy\/tr\/index.php?rest_route=\/wp\/v2\/users\/41"}],"replies":[{"embeddable":true,"href":"https:\/\/archive.sana.sy\/tr\/index.php?rest_route=%2Fwp%2Fv2%2Fcomments&post=323788"}],"version-history":[{"count":1,"href":"https:\/\/archive.sana.sy\/tr\/index.php?rest_route=\/wp\/v2\/posts\/323788\/revisions"}],"predecessor-version":[{"id":323790,"href":"https:\/\/archive.sana.sy\/tr\/index.php?rest_route=\/wp\/v2\/posts\/323788\/revisions\/323790"}],"wp:featuredmedia":[{"embeddable":true,"href":"https:\/\/archive.sana.sy\/tr\/index.php?rest_route=\/wp\/v2\/media\/323789"}],"wp:attachment":[{"href":"https:\/\/archive.sana.sy\/tr\/index.php?rest_route=%2Fwp%2Fv2%2Fmedia&parent=323788"}],"wp:term":[{"taxonomy":"category","embeddable":true,"href":"https:\/\/archive.sana.sy\/tr\/index.php?rest_route=%2Fwp%2Fv2%2Fcategories&post=323788"},{"taxonomy":"post_tag","embeddable":true,"href":"https:\/\/archive.sana.sy\/tr\/index.php?rest_route=%2Fwp%2Fv2%2Ftags&post=323788"}],"curies":[{"name":"wp","href":"https:\/\/api.w.org\/{rel}","templated":true}]}}