{"id":323791,"date":"2025-06-24T17:41:32","date_gmt":"2025-06-24T14:41:32","guid":{"rendered":"https:\/\/sana.sy\/tr\/?p=323791"},"modified":"2025-06-24T17:41:32","modified_gmt":"2025-06-24T14:41:32","slug":"samdaki-duveylia-mar-ilyas-kilisesini-hedef-alan-teror-saldirisinda-hayatini-kaybedenler-son-yolculuguna-ugurlandi","status":"publish","type":"post","link":"https:\/\/archive.sana.sy\/tr\/?p=323791","title":{"rendered":"\u015eam&#8217;daki Duveylia Mar \u0130lyas Kilisesi&#8217;ni Hedef Alan Ter\u00f6r Sald\u0131r\u0131s\u0131nda Hayat\u0131n\u0131 Kaybedenler Son Yolculu\u011funa U\u011furland\u0131"},"content":{"rendered":"<p style=\"text-align: justify;\"><span style=\"color: #ff0000;\"><strong>\u015eAM (SANA) &#8211; <\/strong><\/span>Bug\u00fcn, Duveylia b\u00f6lgesinde Mar \u0130lyas Kilisesi&#8217;ni hedef alan ter\u00f6r sald\u0131r\u0131s\u0131n\u0131n dokuz kurban\u0131 i\u00e7in \u015eam&#8217;daki Kutsal Ha\u00e7 Kilisesi&#8217;nde bir cenaze t\u00f6reni d\u00fczenlendi.<\/p>\n<p>T\u00f6rene Suriye&#8217;deki Hristiyan toplulu\u011funun \u00e7ok say\u0131da din adam\u0131 ve b\u00fcy\u00fckel\u00e7inin yan\u0131 s\u0131ra \u00e7ok say\u0131da vatanda\u015f da kat\u0131ld\u0131 ve kurbanlar i\u00e7in cenaze namaz\u0131 k\u0131l\u0131nd\u0131.<\/p>\n<p>Ge\u00e7ti\u011fimiz pazar g\u00fcn\u00fc \u015eam&#8217;\u0131n Duveylia b\u00f6lgesindeki Mar \u0130lyas Kilisesi&#8217;nde ter\u00f6r sald\u0131r\u0131s\u0131 d\u00fczenlenmi\u015fti. \u00a0Sald\u0131r\u0131da 25 sivil hayat\u0131n\u0131 kaybederken, 63 ki\u015fi yaraland\u0131.<\/p>\n<div id='gallery-1' class='gallery galleryid-323791 gallery-columns-2 gallery-size-medium'><figure class='gallery-item'>\n\t\t\t<div class='gallery-icon landscape'>\n\t\t\t\t<a href='https:\/\/archive.sana.sy\/tr\/?attachment_id=323792'><img loading=\"lazy\" decoding=\"async\" width=\"300\" height=\"200\" src=\"https:\/\/archive.sana.sy\/tr\/wp-content\/uploads\/2025\/06\/photo_3_2025-06-24_17-06-03-300x200-1.jpg\" class=\"attachment-medium size-medium\" alt=\"\" \/><\/a>\n\t\t\t<\/div><\/figure><figure class='gallery-item'>\n\t\t\t<div class='gallery-icon landscape'>\n\t\t\t\t<a href='https:\/\/archive.sana.sy\/tr\/?attachment_id=323793'><img loading=\"lazy\" decoding=\"async\" width=\"300\" height=\"200\" src=\"https:\/\/archive.sana.sy\/tr\/wp-content\/uploads\/2025\/06\/photo_6_2025-06-24_17-06-03-300x200-1.jpg\" class=\"attachment-medium size-medium\" alt=\"\" \/><\/a>\n\t\t\t<\/div><\/figure>\n\t\t<\/div>\n\n","protected":false},"excerpt":{"rendered":"<p>\u015eAM (SANA) &#8211; Bug\u00fcn, Duveylia b\u00f6lgesinde Mar \u0130lyas Kilisesi&#8217;ni hedef alan ter\u00f6r sald\u0131r\u0131s\u0131n\u0131n dokuz kurban\u0131 i\u00e7in \u015eam&#8217;daki Kutsal Ha\u00e7 Kilisesi&#8217;nde bir cenaze t\u00f6reni d\u00fczenlendi. T\u00f6rene Suriye&#8217;deki Hristiyan toplulu\u011funun \u00e7ok say\u0131da din adam\u0131 ve b\u00fcy\u00fckel\u00e7inin yan\u0131 s\u0131ra \u00e7ok say\u0131da vatanda\u015f da kat\u0131ld\u0131 ve kurbanlar i\u00e7in cenaze namaz\u0131 k\u0131l\u0131nd\u0131. Ge\u00e7ti\u011fimiz pazar g\u00fcn\u00fc \u015eam&#8217;\u0131n Duveylia b\u00f6lgesindeki Mar \u0130lyas &hellip;<\/p>\n","protected":false},"author":41,"featured_media":323794,"comment_status":"closed","ping_status":"closed","sticky":false,"template":"","format":"standard","meta":{"footnotes":""},"categories":[589,479,17988,478],"tags":[],"class_list":["post-323791","post","type-post","status-publish","format-standard","has-post-thumbnail","","category-haber-seridi","category-haberler-yerel","category-son-haberler","category-yerel"],"_links":{"self":[{"href":"https:\/\/archive.sana.sy\/tr\/index.php?rest_route=\/wp\/v2\/posts\/323791","targetHints":{"allow":["GET"]}}],"collection":[{"href":"https:\/\/archive.sana.sy\/tr\/index.php?rest_route=\/wp\/v2\/posts"}],"about":[{"href":"https:\/\/archive.sana.sy\/tr\/index.php?rest_route=\/wp\/v2\/types\/post"}],"author":[{"embeddable":true,"href":"https:\/\/archive.sana.sy\/tr\/index.php?rest_route=\/wp\/v2\/users\/41"}],"replies":[{"embeddable":true,"href":"https:\/\/archive.sana.sy\/tr\/index.php?rest_route=%2Fwp%2Fv2%2Fcomments&post=323791"}],"version-history":[{"count":1,"href":"https:\/\/archive.sana.sy\/tr\/index.php?rest_route=\/wp\/v2\/posts\/323791\/revisions"}],"predecessor-version":[{"id":323795,"href":"https:\/\/archive.sana.sy\/tr\/index.php?rest_route=\/wp\/v2\/posts\/323791\/revisions\/323795"}],"wp:featuredmedia":[{"embeddable":true,"href":"https:\/\/archive.sana.sy\/tr\/index.php?rest_route=\/wp\/v2\/media\/323794"}],"wp:attachment":[{"href":"https:\/\/archive.sana.sy\/tr\/index.php?rest_route=%2Fwp%2Fv2%2Fmedia&parent=323791"}],"wp:term":[{"taxonomy":"category","embeddable":true,"href":"https:\/\/archive.sana.sy\/tr\/index.php?rest_route=%2Fwp%2Fv2%2Fcategories&post=323791"},{"taxonomy":"post_tag","embeddable":true,"href":"https:\/\/archive.sana.sy\/tr\/index.php?rest_route=%2Fwp%2Fv2%2Ftags&post=323791"}],"curies":[{"name":"wp","href":"https:\/\/api.w.org\/{rel}","templated":true}]}}