{"id":323796,"date":"2025-06-24T19:16:16","date_gmt":"2025-06-24T16:16:16","guid":{"rendered":"https:\/\/sana.sy\/tr\/?p=323796"},"modified":"2025-06-24T19:16:16","modified_gmt":"2025-06-24T16:16:16","slug":"unmacht-ab-suriyedeki-kayip-kisiler-ulusal-komisyonunun-calismalarini-destekliyor","status":"publish","type":"post","link":"https:\/\/archive.sana.sy\/tr\/?p=323796","title":{"rendered":"Unmacht: AB, Suriye&#8217;deki Kay\u0131p Ki\u015filer Ulusal Komisyonu&#8217;nun \u00c7al\u0131\u015fmalar\u0131n\u0131 Destekliyor"},"content":{"rendered":"<p style=\"text-align: justify;\"><span style=\"color: #ff0000;\"><strong>\u015eAM (SANA) &#8211; <\/strong><\/span>\u00a0Avrupa Birli\u011fi Suriye Delegasyonu Maslahatg\u00fczar\u0131 Michael Unmacht, AB&#8217;nin Kay\u0131p Ki\u015filer Ulusal Komisyonu&#8217;nun \u00e7al\u0131\u015fmalar\u0131na deste\u011fini teyit etti.<\/p>\n<p style=\"text-align: justify;\">Unmacht, Kay\u0131p Ki\u015filer Ulusal Komisyonu ba\u015fkan\u0131\u00a0 Mohammed R\u0131za Celhi ile g\u00f6r\u00fc\u015ft\u00fckten sonra \u015fu tweeti att\u0131: &#8220;AB, Komisyonun \u00e7al\u0131\u015fmalar\u0131n\u0131 destekliyor ve onun yetkisini, Suriye&#8217;deki kay\u0131p ki\u015filerin kaderini belirlemek ve aileleri i\u00e7in adaleti sa\u011flamak a\u00e7\u0131s\u0131ndan \u00f6nemli g\u00f6r\u00fcyor.&#8221;<\/p>\n","protected":false},"excerpt":{"rendered":"<p>\u015eAM (SANA) &#8211; \u00a0Avrupa Birli\u011fi Suriye Delegasyonu Maslahatg\u00fczar\u0131 Michael Unmacht, AB&#8217;nin Kay\u0131p Ki\u015filer Ulusal Komisyonu&#8217;nun \u00e7al\u0131\u015fmalar\u0131na deste\u011fini teyit etti. Unmacht, Kay\u0131p Ki\u015filer Ulusal Komisyonu ba\u015fkan\u0131\u00a0 Mohammed R\u0131za Celhi ile g\u00f6r\u00fc\u015ft\u00fckten sonra \u015fu tweeti att\u0131: &#8220;AB, Komisyonun \u00e7al\u0131\u015fmalar\u0131n\u0131 destekliyor ve onun yetkisini, Suriye&#8217;deki kay\u0131p ki\u015filerin kaderini belirlemek ve aileleri i\u00e7in adaleti sa\u011flamak a\u00e7\u0131s\u0131ndan \u00f6nemli g\u00f6r\u00fcyor.&#8221;<\/p>\n","protected":false},"author":41,"featured_media":323797,"comment_status":"closed","ping_status":"closed","sticky":false,"template":"","format":"standard","meta":{"footnotes":""},"categories":[458,589,459,17988],"tags":[],"class_list":["post-323796","post","type-post","status-publish","format-standard","has-post-thumbnail","","category-dunya1","category-haber-seridi","category-haberler-arap-uluslararasi-politika","category-son-haberler"],"_links":{"self":[{"href":"https:\/\/archive.sana.sy\/tr\/index.php?rest_route=\/wp\/v2\/posts\/323796","targetHints":{"allow":["GET"]}}],"collection":[{"href":"https:\/\/archive.sana.sy\/tr\/index.php?rest_route=\/wp\/v2\/posts"}],"about":[{"href":"https:\/\/archive.sana.sy\/tr\/index.php?rest_route=\/wp\/v2\/types\/post"}],"author":[{"embeddable":true,"href":"https:\/\/archive.sana.sy\/tr\/index.php?rest_route=\/wp\/v2\/users\/41"}],"replies":[{"embeddable":true,"href":"https:\/\/archive.sana.sy\/tr\/index.php?rest_route=%2Fwp%2Fv2%2Fcomments&post=323796"}],"version-history":[{"count":1,"href":"https:\/\/archive.sana.sy\/tr\/index.php?rest_route=\/wp\/v2\/posts\/323796\/revisions"}],"predecessor-version":[{"id":323798,"href":"https:\/\/archive.sana.sy\/tr\/index.php?rest_route=\/wp\/v2\/posts\/323796\/revisions\/323798"}],"wp:featuredmedia":[{"embeddable":true,"href":"https:\/\/archive.sana.sy\/tr\/index.php?rest_route=\/wp\/v2\/media\/323797"}],"wp:attachment":[{"href":"https:\/\/archive.sana.sy\/tr\/index.php?rest_route=%2Fwp%2Fv2%2Fmedia&parent=323796"}],"wp:term":[{"taxonomy":"category","embeddable":true,"href":"https:\/\/archive.sana.sy\/tr\/index.php?rest_route=%2Fwp%2Fv2%2Fcategories&post=323796"},{"taxonomy":"post_tag","embeddable":true,"href":"https:\/\/archive.sana.sy\/tr\/index.php?rest_route=%2Fwp%2Fv2%2Ftags&post=323796"}],"curies":[{"name":"wp","href":"https:\/\/api.w.org\/{rel}","templated":true}]}}