{"id":323802,"date":"2025-06-24T20:32:30","date_gmt":"2025-06-24T17:32:30","guid":{"rendered":"https:\/\/sana.sy\/tr\/?p=323802"},"modified":"2025-06-24T20:32:30","modified_gmt":"2025-06-24T17:32:30","slug":"sam-havalimanindan-ucuslar-onumuzdeki-persembe-yeniden-baslayacak","status":"publish","type":"post","link":"https:\/\/archive.sana.sy\/tr\/?p=323802","title":{"rendered":"\u015eam Havaliman\u0131&#8217;ndan, U\u00e7u\u015flar \u00d6n\u00fcm\u00fczdeki Per\u015fembe Yeniden Ba\u015flayacak"},"content":{"rendered":"<p style=\"text-align: justify;\"><span style=\"color: #ff0000;\"><strong>\u015eAM (SANA) &#8211;<\/strong><\/span> Suriye Havayollar\u0131, hava sahas\u0131n\u0131n yeniden a\u00e7\u0131lmas\u0131 ve hava trafi\u011finin normale d\u00f6nmesinin ard\u0131ndan 26 Haziran 2025 Per\u015fembe g\u00fcn\u00fc \u015eam Uluslararas\u0131 Havaliman\u0131&#8217;ndan u\u00e7u\u015flar\u0131n yeniden ba\u015flayaca\u011f\u0131n\u0131 duyurdu.<\/p>\n<p style=\"text-align: justify;\">Havayolu, Telegram kanal\u0131 arac\u0131l\u0131\u011f\u0131yla \u015funlar\u0131 a\u00e7\u0131klad\u0131: \u201cHalep Uluslararas\u0131 Havaliman\u0131&#8217;ndan T\u00fcrkiye ve Birle\u015fik Arap Emirlikleri&#8217;ne u\u00e7u\u015flar\u0131na devam edece\u011fini ve u\u00e7u\u015f program\u0131n\u0131n yak\u0131nda duyurulaca\u011f\u0131n\u0131.\u201c<\/p>\n","protected":false},"excerpt":{"rendered":"<p>\u015eAM (SANA) &#8211; Suriye Havayollar\u0131, hava sahas\u0131n\u0131n yeniden a\u00e7\u0131lmas\u0131 ve hava trafi\u011finin normale d\u00f6nmesinin ard\u0131ndan 26 Haziran 2025 Per\u015fembe g\u00fcn\u00fc \u015eam Uluslararas\u0131 Havaliman\u0131&#8217;ndan u\u00e7u\u015flar\u0131n yeniden ba\u015flayaca\u011f\u0131n\u0131 duyurdu. Havayolu, Telegram kanal\u0131 arac\u0131l\u0131\u011f\u0131yla \u015funlar\u0131 a\u00e7\u0131klad\u0131: \u201cHalep Uluslararas\u0131 Havaliman\u0131&#8217;ndan T\u00fcrkiye ve Birle\u015fik Arap Emirlikleri&#8217;ne u\u00e7u\u015flar\u0131na devam edece\u011fini ve u\u00e7u\u015f program\u0131n\u0131n yak\u0131nda duyurulaca\u011f\u0131n\u0131.\u201c<\/p>\n","protected":false},"author":41,"featured_media":323803,"comment_status":"closed","ping_status":"closed","sticky":false,"template":"","format":"standard","meta":{"footnotes":""},"categories":[589,479,17988,478],"tags":[],"class_list":["post-323802","post","type-post","status-publish","format-standard","has-post-thumbnail","","category-haber-seridi","category-haberler-yerel","category-son-haberler","category-yerel"],"_links":{"self":[{"href":"https:\/\/archive.sana.sy\/tr\/index.php?rest_route=\/wp\/v2\/posts\/323802","targetHints":{"allow":["GET"]}}],"collection":[{"href":"https:\/\/archive.sana.sy\/tr\/index.php?rest_route=\/wp\/v2\/posts"}],"about":[{"href":"https:\/\/archive.sana.sy\/tr\/index.php?rest_route=\/wp\/v2\/types\/post"}],"author":[{"embeddable":true,"href":"https:\/\/archive.sana.sy\/tr\/index.php?rest_route=\/wp\/v2\/users\/41"}],"replies":[{"embeddable":true,"href":"https:\/\/archive.sana.sy\/tr\/index.php?rest_route=%2Fwp%2Fv2%2Fcomments&post=323802"}],"version-history":[{"count":1,"href":"https:\/\/archive.sana.sy\/tr\/index.php?rest_route=\/wp\/v2\/posts\/323802\/revisions"}],"predecessor-version":[{"id":323804,"href":"https:\/\/archive.sana.sy\/tr\/index.php?rest_route=\/wp\/v2\/posts\/323802\/revisions\/323804"}],"wp:featuredmedia":[{"embeddable":true,"href":"https:\/\/archive.sana.sy\/tr\/index.php?rest_route=\/wp\/v2\/media\/323803"}],"wp:attachment":[{"href":"https:\/\/archive.sana.sy\/tr\/index.php?rest_route=%2Fwp%2Fv2%2Fmedia&parent=323802"}],"wp:term":[{"taxonomy":"category","embeddable":true,"href":"https:\/\/archive.sana.sy\/tr\/index.php?rest_route=%2Fwp%2Fv2%2Fcategories&post=323802"},{"taxonomy":"post_tag","embeddable":true,"href":"https:\/\/archive.sana.sy\/tr\/index.php?rest_route=%2Fwp%2Fv2%2Ftags&post=323802"}],"curies":[{"name":"wp","href":"https:\/\/api.w.org\/{rel}","templated":true}]}}