{"id":323806,"date":"2025-06-25T08:29:03","date_gmt":"2025-06-25T05:29:03","guid":{"rendered":"https:\/\/sana.sy\/tr\/?p=323806"},"modified":"2025-06-26T15:46:37","modified_gmt":"2025-06-26T12:46:37","slug":"cumhurbaskani-el-sara-katar-emiriyle-telefonda-gorustu","status":"publish","type":"post","link":"https:\/\/archive.sana.sy\/tr\/?p=323806","title":{"rendered":"Cumhurba\u015fkan\u0131 El \u015eara, Katar Emiri&#8217;yle Telefonda G\u00f6r\u00fc\u015ft\u00fc"},"content":{"rendered":"<p style=\"text-align: justify;\"><strong><span style=\"color: #ff0000;\">\u015eAM (SANA)<\/span> &#8211;<\/strong> Cumhurba\u015fkan\u0131 Say\u0131n Ahmed El \u015eara, Katar Devleti Emiri Majesteleri \u015eeyh Tamim bin Hamad Al Sani&#8217;yi telefonda arayarak Suriye&#8217;nin Katar&#8217;la dayan\u0131\u015fmas\u0131n\u0131 ve g\u00fcvenli\u011fini ve emniyetini tehdit eden ve b\u00f6lgenin g\u00fcvenli\u011fini ve istikrar\u0131n\u0131 baltalayan her t\u00fcrl\u00fc sald\u0131rganl\u0131\u011f\u0131 kategorik olarak reddetti\u011fini ifade etti.<\/p>\n","protected":false},"excerpt":{"rendered":"<p>\u015eAM (SANA) &#8211; Cumhurba\u015fkan\u0131 Say\u0131n Ahmed El \u015eara, Katar Devleti Emiri Majesteleri \u015eeyh Tamim bin Hamad Al Sani&#8217;yi telefonda arayarak Suriye&#8217;nin Katar&#8217;la dayan\u0131\u015fmas\u0131n\u0131 ve g\u00fcvenli\u011fini ve emniyetini tehdit eden ve b\u00f6lgenin g\u00fcvenli\u011fini ve istikrar\u0131n\u0131 baltalayan her t\u00fcrl\u00fc sald\u0131rganl\u0131\u011f\u0131 kategorik olarak reddetti\u011fini ifade etti.<\/p>\n","protected":false},"author":39,"featured_media":323807,"comment_status":"closed","ping_status":"closed","sticky":false,"template":"","format":"standard","meta":{"footnotes":""},"categories":[606,605],"tags":[],"class_list":["post-323806","post","type-post","status-publish","format-standard","has-post-thumbnail","","category-cumhurbaskani","category-sayin-cumhurbaskani"],"_links":{"self":[{"href":"https:\/\/archive.sana.sy\/tr\/index.php?rest_route=\/wp\/v2\/posts\/323806","targetHints":{"allow":["GET"]}}],"collection":[{"href":"https:\/\/archive.sana.sy\/tr\/index.php?rest_route=\/wp\/v2\/posts"}],"about":[{"href":"https:\/\/archive.sana.sy\/tr\/index.php?rest_route=\/wp\/v2\/types\/post"}],"author":[{"embeddable":true,"href":"https:\/\/archive.sana.sy\/tr\/index.php?rest_route=\/wp\/v2\/users\/39"}],"replies":[{"embeddable":true,"href":"https:\/\/archive.sana.sy\/tr\/index.php?rest_route=%2Fwp%2Fv2%2Fcomments&post=323806"}],"version-history":[{"count":3,"href":"https:\/\/archive.sana.sy\/tr\/index.php?rest_route=\/wp\/v2\/posts\/323806\/revisions"}],"predecessor-version":[{"id":323847,"href":"https:\/\/archive.sana.sy\/tr\/index.php?rest_route=\/wp\/v2\/posts\/323806\/revisions\/323847"}],"wp:featuredmedia":[{"embeddable":true,"href":"https:\/\/archive.sana.sy\/tr\/index.php?rest_route=\/wp\/v2\/media\/323807"}],"wp:attachment":[{"href":"https:\/\/archive.sana.sy\/tr\/index.php?rest_route=%2Fwp%2Fv2%2Fmedia&parent=323806"}],"wp:term":[{"taxonomy":"category","embeddable":true,"href":"https:\/\/archive.sana.sy\/tr\/index.php?rest_route=%2Fwp%2Fv2%2Fcategories&post=323806"},{"taxonomy":"post_tag","embeddable":true,"href":"https:\/\/archive.sana.sy\/tr\/index.php?rest_route=%2Fwp%2Fv2%2Ftags&post=323806"}],"curies":[{"name":"wp","href":"https:\/\/api.w.org\/{rel}","templated":true}]}}