{"id":323809,"date":"2025-06-25T08:31:23","date_gmt":"2025-06-25T05:31:23","guid":{"rendered":"https:\/\/sana.sy\/tr\/?p=323809"},"modified":"2025-06-25T16:24:01","modified_gmt":"2025-06-25T13:24:01","slug":"barak-amerika-suriyelilerin-daha-iyi-bir-gelecek-icin-isteklerini-destekliyor","status":"publish","type":"post","link":"https:\/\/archive.sana.sy\/tr\/?p=323809","title":{"rendered":"Barrack: Amerika Suriyelilerin Daha \u0130yi Bir Gelecek \u0130\u00e7in \u0130steklerini Destekliyor"},"content":{"rendered":"<p style=\"text-align: justify;\"><span style=\"color: #ff0000;\"><strong>ANKARA (SANA) &#8211;<\/strong><\/span> ABD&#8217;nin Suriye \u00d6zel Temsilcisi Thomas Barrack, \u00fclkesinin \u015eam&#8217;\u0131n Duveylia b\u00f6lgesinde Mar \u0130lyas Kilisesi&#8217;ni hedef alan ter\u00f6r sald\u0131r\u0131s\u0131n\u0131 g\u00fc\u00e7l\u00fc bir \u015fekilde k\u0131nad\u0131\u011f\u0131n\u0131 ifade ederek, bu korkak\u00e7a eylemin Suriyeli kimli\u011finin \u00e7e\u015fitlili\u011fini veya Suriyelilerin birli\u011fini baltalamayaca\u011f\u0131n\u0131 vurgulad\u0131.<\/p>\n<p style=\"text-align: justify;\">Barrack, bug\u00fcn (X) platformunda yapt\u0131\u011f\u0131 bir payla\u015f\u0131mda, bu su\u00e7 sald\u0131r\u0131s\u0131n\u0131n belirli bir mezhebi hedef almad\u0131\u011f\u0131n\u0131, aksine t\u00fcm Suriyelileri etkiledi\u011fini vurgularken, ABD&#8217;nin, Suriye halk\u0131na, mezheplerine bak\u0131lmaks\u0131z\u0131n, a\u00e7\u0131kl\u0131k, istikrar ve ho\u015fg\u00f6r\u00fc dolu bir gelecek in\u015fa etme \u00e7abalar\u0131nda verdi\u011fi deste\u011fi yineledi.<\/p>\n<p style=\"text-align: justify;\">Suriye ve halk\u0131n\u0131n g\u00fcvenlik ve bar\u0131\u015f i\u00e7inde ya\u015famas\u0131 umudunu dile getiren ABD \u00f6zel temsilcisi, &#8221;D\u00fcn gece, ABD Ba\u015fkan\u0131 ve D\u0131\u015fi\u015fleri Bakan\u0131 ad\u0131na Yunan Ortodoks Patri\u011fi John X ile bir telefon g\u00f6r\u00fc\u015fmesi yapt\u0131 ve bu g\u00f6r\u00fc\u015fmede kurbanlara, ailelerine ve bu ac\u0131 olaydan etkilenen herkese i\u00e7ten ba\u015fsa\u011fl\u0131\u011f\u0131 dileklerini iletti&#8221; a\u00e7\u0131klamas\u0131nda bulundu.<\/p>\n","protected":false},"excerpt":{"rendered":"<p>ANKARA (SANA) &#8211; ABD&#8217;nin Suriye \u00d6zel Temsilcisi Thomas Barrack, \u00fclkesinin \u015eam&#8217;\u0131n Duveylia b\u00f6lgesinde Mar \u0130lyas Kilisesi&#8217;ni hedef alan ter\u00f6r sald\u0131r\u0131s\u0131n\u0131 g\u00fc\u00e7l\u00fc bir \u015fekilde k\u0131nad\u0131\u011f\u0131n\u0131 ifade ederek, bu korkak\u00e7a eylemin Suriyeli kimli\u011finin \u00e7e\u015fitlili\u011fini veya Suriyelilerin birli\u011fini baltalamayaca\u011f\u0131n\u0131 vurgulad\u0131. Barrack, bug\u00fcn (X) platformunda yapt\u0131\u011f\u0131 bir payla\u015f\u0131mda, bu su\u00e7 sald\u0131r\u0131s\u0131n\u0131n belirli bir mezhebi hedef almad\u0131\u011f\u0131n\u0131, aksine t\u00fcm Suriyelileri &hellip;<\/p>\n","protected":false},"author":39,"featured_media":323810,"comment_status":"closed","ping_status":"closed","sticky":false,"template":"","format":"standard","meta":{"footnotes":""},"categories":[458,589,459,17988],"tags":[],"class_list":["post-323809","post","type-post","status-publish","format-standard","has-post-thumbnail","","category-dunya1","category-haber-seridi","category-haberler-arap-uluslararasi-politika","category-son-haberler"],"_links":{"self":[{"href":"https:\/\/archive.sana.sy\/tr\/index.php?rest_route=\/wp\/v2\/posts\/323809","targetHints":{"allow":["GET"]}}],"collection":[{"href":"https:\/\/archive.sana.sy\/tr\/index.php?rest_route=\/wp\/v2\/posts"}],"about":[{"href":"https:\/\/archive.sana.sy\/tr\/index.php?rest_route=\/wp\/v2\/types\/post"}],"author":[{"embeddable":true,"href":"https:\/\/archive.sana.sy\/tr\/index.php?rest_route=\/wp\/v2\/users\/39"}],"replies":[{"embeddable":true,"href":"https:\/\/archive.sana.sy\/tr\/index.php?rest_route=%2Fwp%2Fv2%2Fcomments&post=323809"}],"version-history":[{"count":3,"href":"https:\/\/archive.sana.sy\/tr\/index.php?rest_route=\/wp\/v2\/posts\/323809\/revisions"}],"predecessor-version":[{"id":323869,"href":"https:\/\/archive.sana.sy\/tr\/index.php?rest_route=\/wp\/v2\/posts\/323809\/revisions\/323869"}],"wp:featuredmedia":[{"embeddable":true,"href":"https:\/\/archive.sana.sy\/tr\/index.php?rest_route=\/wp\/v2\/media\/323810"}],"wp:attachment":[{"href":"https:\/\/archive.sana.sy\/tr\/index.php?rest_route=%2Fwp%2Fv2%2Fmedia&parent=323809"}],"wp:term":[{"taxonomy":"category","embeddable":true,"href":"https:\/\/archive.sana.sy\/tr\/index.php?rest_route=%2Fwp%2Fv2%2Fcategories&post=323809"},{"taxonomy":"post_tag","embeddable":true,"href":"https:\/\/archive.sana.sy\/tr\/index.php?rest_route=%2Fwp%2Fv2%2Ftags&post=323809"}],"curies":[{"name":"wp","href":"https:\/\/api.w.org\/{rel}","templated":true}]}}