{"id":323813,"date":"2025-06-25T09:07:43","date_gmt":"2025-06-25T06:07:43","guid":{"rendered":"https:\/\/sana.sy\/tr\/?p=323813"},"modified":"2025-06-25T09:07:43","modified_gmt":"2025-06-25T06:07:43","slug":"suriye-ile-katar-arasinda-kara-ve-deniz-limanlarinin-gelistirilmesine-yonelik-gorusmeler-yapildi","status":"publish","type":"post","link":"https:\/\/archive.sana.sy\/tr\/?p=323813","title":{"rendered":"Suriye ile Katar Aras\u0131nda Kara ve Deniz Limanlar\u0131n\u0131n Geli\u015ftirilmesine Y\u00f6nelik G\u00f6r\u00fc\u015fmeler Yap\u0131ld\u0131"},"content":{"rendered":"<p style=\"text-align: justify;\"><strong>\u015eAM (SANA) \u2013<\/strong> Suriye Kara ve Deniz Limanlar\u0131 Genel Otoritesi Ba\u015fkan\u0131 Kuteybe Bedevi, Katar&#8217;\u0131n \u015eam B\u00fcy\u00fckel\u00e7ili\u011fi Maslahatg\u00fczar\u0131 Halife Abdullah El Mahmud ile iki \u00fclke aras\u0131ndaki ikili ili\u015fkilerin g\u00fc\u00e7lendirilmesi yollar\u0131n\u0131 g\u00f6r\u00fc\u015ft\u00fc.<\/p>\n<p style=\"text-align: justify;\"><img loading=\"lazy\" decoding=\"async\" class=\"size-full wp-image-323815 alignright\" src=\"http:\/\/sana.sy\/tr\/wp-content\/uploads\/2025\/06\/11111111.jpg\" alt=\"\" width=\"300\" height=\"197\" \/>Otorite merkezinde ger\u00e7ekle\u015ftirilen g\u00f6r\u00fc\u015fmede, kara ve deniz limanlar\u0131nda altyap\u0131n\u0131n geli\u015ftirilmesi, ula\u015ft\u0131rma ve lojistik sekt\u00f6rlerinde Katar yat\u0131r\u0131mlar\u0131n\u0131n te\u015fvik edilmesi konular\u0131nda i\u015f birli\u011finin art\u0131r\u0131lmas\u0131 ele al\u0131nd\u0131.<\/p>\n<p style=\"text-align: justify;\">Bedevi, bu a\u015famada Arap ekonomilerinin birbirine a\u00e7\u0131k olmas\u0131n\u0131n \u00f6nemini vurgulayarak, yat\u0131r\u0131mlar\u0131n hayati projelere y\u00f6nlendirilmesi gerekti\u011fini belirtti.<\/p>\n","protected":false},"excerpt":{"rendered":"<p>\u015eAM (SANA) \u2013 Suriye Kara ve Deniz Limanlar\u0131 Genel Otoritesi Ba\u015fkan\u0131 Kuteybe Bedevi, Katar&#8217;\u0131n \u015eam B\u00fcy\u00fckel\u00e7ili\u011fi Maslahatg\u00fczar\u0131 Halife Abdullah El Mahmud ile iki \u00fclke aras\u0131ndaki ikili ili\u015fkilerin g\u00fc\u00e7lendirilmesi yollar\u0131n\u0131 g\u00f6r\u00fc\u015ft\u00fc. Otorite merkezinde ger\u00e7ekle\u015ftirilen g\u00f6r\u00fc\u015fmede, kara ve deniz limanlar\u0131nda altyap\u0131n\u0131n geli\u015ftirilmesi, ula\u015ft\u0131rma ve lojistik sekt\u00f6rlerinde Katar yat\u0131r\u0131mlar\u0131n\u0131n te\u015fvik edilmesi konular\u0131nda i\u015f birli\u011finin art\u0131r\u0131lmas\u0131 ele al\u0131nd\u0131. Bedevi, &hellip;<\/p>\n","protected":false},"author":39,"featured_media":323814,"comment_status":"closed","ping_status":"closed","sticky":false,"template":"","format":"standard","meta":{"footnotes":""},"categories":[458,589,459,17988],"tags":[],"class_list":["post-323813","post","type-post","status-publish","format-standard","has-post-thumbnail","","category-dunya1","category-haber-seridi","category-haberler-arap-uluslararasi-politika","category-son-haberler"],"_links":{"self":[{"href":"https:\/\/archive.sana.sy\/tr\/index.php?rest_route=\/wp\/v2\/posts\/323813","targetHints":{"allow":["GET"]}}],"collection":[{"href":"https:\/\/archive.sana.sy\/tr\/index.php?rest_route=\/wp\/v2\/posts"}],"about":[{"href":"https:\/\/archive.sana.sy\/tr\/index.php?rest_route=\/wp\/v2\/types\/post"}],"author":[{"embeddable":true,"href":"https:\/\/archive.sana.sy\/tr\/index.php?rest_route=\/wp\/v2\/users\/39"}],"replies":[{"embeddable":true,"href":"https:\/\/archive.sana.sy\/tr\/index.php?rest_route=%2Fwp%2Fv2%2Fcomments&post=323813"}],"version-history":[{"count":1,"href":"https:\/\/archive.sana.sy\/tr\/index.php?rest_route=\/wp\/v2\/posts\/323813\/revisions"}],"predecessor-version":[{"id":323816,"href":"https:\/\/archive.sana.sy\/tr\/index.php?rest_route=\/wp\/v2\/posts\/323813\/revisions\/323816"}],"wp:featuredmedia":[{"embeddable":true,"href":"https:\/\/archive.sana.sy\/tr\/index.php?rest_route=\/wp\/v2\/media\/323814"}],"wp:attachment":[{"href":"https:\/\/archive.sana.sy\/tr\/index.php?rest_route=%2Fwp%2Fv2%2Fmedia&parent=323813"}],"wp:term":[{"taxonomy":"category","embeddable":true,"href":"https:\/\/archive.sana.sy\/tr\/index.php?rest_route=%2Fwp%2Fv2%2Fcategories&post=323813"},{"taxonomy":"post_tag","embeddable":true,"href":"https:\/\/archive.sana.sy\/tr\/index.php?rest_route=%2Fwp%2Fv2%2Ftags&post=323813"}],"curies":[{"name":"wp","href":"https:\/\/api.w.org\/{rel}","templated":true}]}}