{"id":323817,"date":"2025-06-25T09:13:03","date_gmt":"2025-06-25T06:13:03","guid":{"rendered":"https:\/\/sana.sy\/tr\/?p=323817"},"modified":"2025-06-25T16:30:19","modified_gmt":"2025-06-25T13:30:19","slug":"suriye-urdun-ve-katar-arasinda-enerji-alaninda-isbirligi-gorusmeleri-gerceklestirdi","status":"publish","type":"post","link":"https:\/\/archive.sana.sy\/tr\/?p=323817","title":{"rendered":"Enerji Sekt\u00f6r\u00fcnde \u0130\u015fbirli\u011fi \u0130\u00e7in Suriye-\u00dcrd\u00fcn-Katar G\u00f6r\u00fc\u015fmeleri"},"content":{"rendered":"<p style=\"text-align: justify;\"><strong><span style=\"color: #ff0000;\">\u015eAM (SANA) &#8211;<\/span>\u00a0<\/strong>Suriye Elektrik Bakan\u0131 Muhammed El Be\u015fir, \u00dcrd\u00fcn Enerji ve Maden Kaynaklar\u0131 Bakan\u0131 Salih El Harab\u015feh ile Katar Kalk\u0131nma Fonu Genel M\u00fcd\u00fcr\u00fc Fahd El Sulayti&#8217;nin kat\u0131l\u0131m\u0131yla video konferans yoluyla bir toplant\u0131 ger\u00e7ekle\u015ftirdi.<\/p>\n<p style=\"text-align: justify;\">G\u00f6r\u00fc\u015fmede, enerji sekt\u00f6r\u00fcnde \u00fc\u00e7 \u00fclke aras\u0131ndaki i\u015fbirli\u011fi imkanlar\u0131 ele al\u0131nd\u0131. \u00d6zellikle Katar do\u011falgaz\u0131n\u0131n \u00dcrd\u00fcn \u00fczerinden Suriye&#8217;ye ta\u015f\u0131nmas\u0131na y\u00f6nelik mekanizmalar, Katar Kalk\u0131nma Fonu\u2019nun projeleri destekleme rol\u00fc, yat\u0131r\u0131m f\u0131rsatlar\u0131 ve teknik uzmanl\u0131k al\u0131\u015fveri\u015fi gibi ba\u015fl\u0131klar masaya yat\u0131r\u0131ld\u0131.<\/p>\n","protected":false},"excerpt":{"rendered":"<p>\u015eAM (SANA) &#8211;\u00a0Suriye Elektrik Bakan\u0131 Muhammed El Be\u015fir, \u00dcrd\u00fcn Enerji ve Maden Kaynaklar\u0131 Bakan\u0131 Salih El Harab\u015feh ile Katar Kalk\u0131nma Fonu Genel M\u00fcd\u00fcr\u00fc Fahd El Sulayti&#8217;nin kat\u0131l\u0131m\u0131yla video konferans yoluyla bir toplant\u0131 ger\u00e7ekle\u015ftirdi. G\u00f6r\u00fc\u015fmede, enerji sekt\u00f6r\u00fcnde \u00fc\u00e7 \u00fclke aras\u0131ndaki i\u015fbirli\u011fi imkanlar\u0131 ele al\u0131nd\u0131. \u00d6zellikle Katar do\u011falgaz\u0131n\u0131n \u00dcrd\u00fcn \u00fczerinden Suriye&#8217;ye ta\u015f\u0131nmas\u0131na y\u00f6nelik mekanizmalar, Katar Kalk\u0131nma Fonu\u2019nun &hellip;<\/p>\n","protected":false},"author":39,"featured_media":323818,"comment_status":"closed","ping_status":"closed","sticky":false,"template":"","format":"standard","meta":{"footnotes":""},"categories":[589,479,17988,478],"tags":[],"class_list":["post-323817","post","type-post","status-publish","format-standard","has-post-thumbnail","","category-haber-seridi","category-haberler-yerel","category-son-haberler","category-yerel"],"_links":{"self":[{"href":"https:\/\/archive.sana.sy\/tr\/index.php?rest_route=\/wp\/v2\/posts\/323817","targetHints":{"allow":["GET"]}}],"collection":[{"href":"https:\/\/archive.sana.sy\/tr\/index.php?rest_route=\/wp\/v2\/posts"}],"about":[{"href":"https:\/\/archive.sana.sy\/tr\/index.php?rest_route=\/wp\/v2\/types\/post"}],"author":[{"embeddable":true,"href":"https:\/\/archive.sana.sy\/tr\/index.php?rest_route=\/wp\/v2\/users\/39"}],"replies":[{"embeddable":true,"href":"https:\/\/archive.sana.sy\/tr\/index.php?rest_route=%2Fwp%2Fv2%2Fcomments&post=323817"}],"version-history":[{"count":9,"href":"https:\/\/archive.sana.sy\/tr\/index.php?rest_route=\/wp\/v2\/posts\/323817\/revisions"}],"predecessor-version":[{"id":323871,"href":"https:\/\/archive.sana.sy\/tr\/index.php?rest_route=\/wp\/v2\/posts\/323817\/revisions\/323871"}],"wp:featuredmedia":[{"embeddable":true,"href":"https:\/\/archive.sana.sy\/tr\/index.php?rest_route=\/wp\/v2\/media\/323818"}],"wp:attachment":[{"href":"https:\/\/archive.sana.sy\/tr\/index.php?rest_route=%2Fwp%2Fv2%2Fmedia&parent=323817"}],"wp:term":[{"taxonomy":"category","embeddable":true,"href":"https:\/\/archive.sana.sy\/tr\/index.php?rest_route=%2Fwp%2Fv2%2Fcategories&post=323817"},{"taxonomy":"post_tag","embeddable":true,"href":"https:\/\/archive.sana.sy\/tr\/index.php?rest_route=%2Fwp%2Fv2%2Ftags&post=323817"}],"curies":[{"name":"wp","href":"https:\/\/api.w.org\/{rel}","templated":true}]}}