{"id":323826,"date":"2025-06-25T10:21:07","date_gmt":"2025-06-25T07:21:07","guid":{"rendered":"https:\/\/sana.sy\/tr\/?p=323826"},"modified":"2025-06-25T17:11:15","modified_gmt":"2025-06-25T14:11:15","slug":"safadi-suriye-ozgur-ve-bagimsiz-bir-vatanin-yeniden-insasi-yonunde-dogru-yolda-ilerliyor","status":"publish","type":"post","link":"https:\/\/archive.sana.sy\/tr\/?p=323826","title":{"rendered":"Safadi: Suriye, \u00d6zg\u00fcr Ve Ba\u011f\u0131ms\u0131z Bir Vatan\u0131n Yeniden \u0130n\u015fas\u0131 Y\u00f6n\u00fcnde Do\u011fru Yolda \u0130lerliyor"},"content":{"rendered":"<p style=\"text-align: justify;\"><strong><span style=\"color: #ff0000;\">AMMAN (SANA)<\/span> &#8211;<\/strong> \u00dcrd\u00fcn D\u0131\u015fi\u015fleri ve Gurbet\u00e7iler Bakan\u0131 Eyman Safadi, \u00fclkesinin Suriye&#8217;ye deste\u011fini yineleyerek, Suriye&#8217;nin g\u00fcvenlik ve istikrar\u0131 sa\u011flamadaki ba\u015far\u0131s\u0131n\u0131n t\u00fcm b\u00f6lgenin ba\u015far\u0131s\u0131 anlam\u0131na geldi\u011fini vurgulad\u0131.<\/p>\n<p style=\"text-align: justify;\">\u00dcrd\u00fcn&#8217;\u00fcn El Memlake internet sitesine g\u00f6re Safadi yapt\u0131\u011f\u0131 a\u00e7\u0131klamada, &#8220;Suriye, t\u00fcm halk\u0131n\u0131n haklar\u0131n\u0131 koruyan, \u00f6zg\u00fcr, ba\u011f\u0131ms\u0131z ve egemen bir Suriye vatan\u0131n\u0131 yeniden in\u015fa etme yolunda do\u011fru y\u00f6nde ilerliyor&#8221; dedi.<\/p>\n<p style=\"text-align: justify;\">\u00dcrd\u00fcn D\u0131\u015fi\u015fleri ve Gurbet\u00e7iler Bakan\u0131, \u00fclkesi ile Suriye aras\u0131ndaki ili\u015fkilerin en iyi seviyede oldu\u011funa dikkat \u00e7ekerek, &#8220;Suriye halk\u0131 \u00f6zg\u00fcr, onurlu ve g\u00fcvenli bir ya\u015fam\u0131 hak ediyor. \u00dclkelerini yeniden in\u015fa etme kapasitesine sahipler ve bol miktarda potansiyele ve yetene\u011fe sahipler. Suriye h\u00fck\u00fcmeti \u00fclkeyi yeniden in\u015fa etmeye do\u011fru ilerliyor ve \u00dcrd\u00fcn bunu tam olarak destekliyor&#8221; dedi.<\/p>\n<p style=\"text-align: justify;\">Bakan Safadi ayr\u0131ca, \u00fclkesinin hepimizin k\u0131nad\u0131\u011f\u0131 ter\u00f6rizm tehdidine kar\u015f\u0131 Suriye&#8217;nin yan\u0131nda oldu\u011funu vurgulayarak, \u00dcrd\u00fcn&#8217;\u00fcn k\u0131namayla yetinmedi\u011fini, aksine Suriye ile ter\u00f6rizme kar\u015f\u0131 m\u00fccadelede, ve \u00fclkesinin Suriye ile uyu\u015fturucu ve silah ka\u00e7ak\u00e7\u0131l\u0131\u011f\u0131yla m\u00fccadelede tam i\u015fbirli\u011fi i\u00e7inde oldu\u011funu belirterek, &#8220;Suriye&#8217;nin g\u00fcvenli\u011fi ve istikrar\u0131 bizim \u00e7\u0131kar\u0131m\u0131zad\u0131r ve g\u00fcney Suriye&#8217;nin g\u00fcvenli\u011fi ayn\u0131 zamanda \u00dcrd\u00fcn&#8217;\u00fcn g\u00fcvenli\u011fidir, bu da onun stratejik derinli\u011fidir&#8221; ifadelerini kulland\u0131.<\/p>\n<p style=\"text-align: justify;\">Bakan Safadi a\u00e7\u0131klamas\u0131nda da, \u00dcrd\u00fcn&#8217;\u00fcn \u0130srail&#8217;in Suriye topraklar\u0131na y\u00f6nelik haks\u0131z sald\u0131r\u0131lar\u0131n\u0131 k\u0131nad\u0131\u011f\u0131n\u0131 ve reddetti\u011fini yineledi.<\/p>\n","protected":false},"excerpt":{"rendered":"<p>AMMAN (SANA) &#8211; \u00dcrd\u00fcn D\u0131\u015fi\u015fleri ve Gurbet\u00e7iler Bakan\u0131 Eyman Safadi, \u00fclkesinin Suriye&#8217;ye deste\u011fini yineleyerek, Suriye&#8217;nin g\u00fcvenlik ve istikrar\u0131 sa\u011flamadaki ba\u015far\u0131s\u0131n\u0131n t\u00fcm b\u00f6lgenin ba\u015far\u0131s\u0131 anlam\u0131na geldi\u011fini vurgulad\u0131. \u00dcrd\u00fcn&#8217;\u00fcn El Memlake internet sitesine g\u00f6re Safadi yapt\u0131\u011f\u0131 a\u00e7\u0131klamada, &#8220;Suriye, t\u00fcm halk\u0131n\u0131n haklar\u0131n\u0131 koruyan, \u00f6zg\u00fcr, ba\u011f\u0131ms\u0131z ve egemen bir Suriye vatan\u0131n\u0131 yeniden in\u015fa etme yolunda do\u011fru y\u00f6nde ilerliyor&#8221; dedi. &hellip;<\/p>\n","protected":false},"author":39,"featured_media":323827,"comment_status":"closed","ping_status":"closed","sticky":false,"template":"","format":"standard","meta":{"footnotes":""},"categories":[458,589,459,17988],"tags":[],"class_list":["post-323826","post","type-post","status-publish","format-standard","has-post-thumbnail","","category-dunya1","category-haber-seridi","category-haberler-arap-uluslararasi-politika","category-son-haberler"],"_links":{"self":[{"href":"https:\/\/archive.sana.sy\/tr\/index.php?rest_route=\/wp\/v2\/posts\/323826","targetHints":{"allow":["GET"]}}],"collection":[{"href":"https:\/\/archive.sana.sy\/tr\/index.php?rest_route=\/wp\/v2\/posts"}],"about":[{"href":"https:\/\/archive.sana.sy\/tr\/index.php?rest_route=\/wp\/v2\/types\/post"}],"author":[{"embeddable":true,"href":"https:\/\/archive.sana.sy\/tr\/index.php?rest_route=\/wp\/v2\/users\/39"}],"replies":[{"embeddable":true,"href":"https:\/\/archive.sana.sy\/tr\/index.php?rest_route=%2Fwp%2Fv2%2Fcomments&post=323826"}],"version-history":[{"count":6,"href":"https:\/\/archive.sana.sy\/tr\/index.php?rest_route=\/wp\/v2\/posts\/323826\/revisions"}],"predecessor-version":[{"id":323872,"href":"https:\/\/archive.sana.sy\/tr\/index.php?rest_route=\/wp\/v2\/posts\/323826\/revisions\/323872"}],"wp:featuredmedia":[{"embeddable":true,"href":"https:\/\/archive.sana.sy\/tr\/index.php?rest_route=\/wp\/v2\/media\/323827"}],"wp:attachment":[{"href":"https:\/\/archive.sana.sy\/tr\/index.php?rest_route=%2Fwp%2Fv2%2Fmedia&parent=323826"}],"wp:term":[{"taxonomy":"category","embeddable":true,"href":"https:\/\/archive.sana.sy\/tr\/index.php?rest_route=%2Fwp%2Fv2%2Fcategories&post=323826"},{"taxonomy":"post_tag","embeddable":true,"href":"https:\/\/archive.sana.sy\/tr\/index.php?rest_route=%2Fwp%2Fv2%2Ftags&post=323826"}],"curies":[{"name":"wp","href":"https:\/\/api.w.org\/{rel}","templated":true}]}}