{"id":323831,"date":"2025-06-25T10:56:22","date_gmt":"2025-06-25T07:56:22","guid":{"rendered":"https:\/\/sana.sy\/tr\/?p=323831"},"modified":"2025-06-25T17:20:46","modified_gmt":"2025-06-25T14:20:46","slug":"sili-suriyedeki-mar-elias-kilisesinin-bombalanmasini-siddetle-kinadi","status":"publish","type":"post","link":"https:\/\/archive.sana.sy\/tr\/?p=323831","title":{"rendered":"\u015eili, Suriye\u2019deki Mar \u0130lyas Kilisesi\u2019nin Bombalanmas\u0131n\u0131 \u015eiddetle K\u0131nad\u0131"},"content":{"rendered":"<p style=\"text-align: justify;\"><strong><span style=\"color: #ff0000;\">SANT\u0130AGO (SANA)<\/span> &#8211; <\/strong>\u015eili h\u00fck\u00fcmeti, \u015eam&#8217;\u0131n Duveylia b\u00f6lgesinde Mar \u0130lyas Kilisesi&#8217;ni hedef alan ter\u00f6r sald\u0131r\u0131s\u0131n\u0131 sert bir dille k\u0131nad\u0131.<\/p>\n<p style=\"text-align: justify;\">\u015eili D\u0131\u015fi\u015fleri Bakanl\u0131\u011f\u0131 taraf\u0131ndan yay\u0131nlanan bir bas\u0131n a\u00e7\u0131klamas\u0131nda, \u015eili h\u00fck\u00fcmeti, Suriye&#8217;deki masum sivilleri hedef alan bu sald\u0131r\u0131dan duydu\u011fu \u00fcz\u00fcnt\u00fcy\u00fc dile getirdi.<\/p>\n<p style=\"text-align: justify;\">\u015eili h\u00fck\u00fcmeti ayr\u0131ca, kurbanlar\u0131n ailelerine ve Suriye halk\u0131na en derin taziyelerini ileterek, her t\u00fcrl\u00fc \u015fiddet ve ayr\u0131mc\u0131l\u0131\u011f\u0131 kategorik olarak reddetti\u011fini yineledi.<\/p>\n","protected":false},"excerpt":{"rendered":"<p>SANT\u0130AGO (SANA) &#8211; \u015eili h\u00fck\u00fcmeti, \u015eam&#8217;\u0131n Duveylia b\u00f6lgesinde Mar \u0130lyas Kilisesi&#8217;ni hedef alan ter\u00f6r sald\u0131r\u0131s\u0131n\u0131 sert bir dille k\u0131nad\u0131. \u015eili D\u0131\u015fi\u015fleri Bakanl\u0131\u011f\u0131 taraf\u0131ndan yay\u0131nlanan bir bas\u0131n a\u00e7\u0131klamas\u0131nda, \u015eili h\u00fck\u00fcmeti, Suriye&#8217;deki masum sivilleri hedef alan bu sald\u0131r\u0131dan duydu\u011fu \u00fcz\u00fcnt\u00fcy\u00fc dile getirdi. \u015eili h\u00fck\u00fcmeti ayr\u0131ca, kurbanlar\u0131n ailelerine ve Suriye halk\u0131na en derin taziyelerini ileterek, her t\u00fcrl\u00fc \u015fiddet &hellip;<\/p>\n","protected":false},"author":39,"featured_media":323832,"comment_status":"closed","ping_status":"closed","sticky":false,"template":"","format":"standard","meta":{"footnotes":""},"categories":[458,589,459,17988],"tags":[],"class_list":["post-323831","post","type-post","status-publish","format-standard","has-post-thumbnail","","category-dunya1","category-haber-seridi","category-haberler-arap-uluslararasi-politika","category-son-haberler"],"_links":{"self":[{"href":"https:\/\/archive.sana.sy\/tr\/index.php?rest_route=\/wp\/v2\/posts\/323831","targetHints":{"allow":["GET"]}}],"collection":[{"href":"https:\/\/archive.sana.sy\/tr\/index.php?rest_route=\/wp\/v2\/posts"}],"about":[{"href":"https:\/\/archive.sana.sy\/tr\/index.php?rest_route=\/wp\/v2\/types\/post"}],"author":[{"embeddable":true,"href":"https:\/\/archive.sana.sy\/tr\/index.php?rest_route=\/wp\/v2\/users\/39"}],"replies":[{"embeddable":true,"href":"https:\/\/archive.sana.sy\/tr\/index.php?rest_route=%2Fwp%2Fv2%2Fcomments&post=323831"}],"version-history":[{"count":4,"href":"https:\/\/archive.sana.sy\/tr\/index.php?rest_route=\/wp\/v2\/posts\/323831\/revisions"}],"predecessor-version":[{"id":323874,"href":"https:\/\/archive.sana.sy\/tr\/index.php?rest_route=\/wp\/v2\/posts\/323831\/revisions\/323874"}],"wp:featuredmedia":[{"embeddable":true,"href":"https:\/\/archive.sana.sy\/tr\/index.php?rest_route=\/wp\/v2\/media\/323832"}],"wp:attachment":[{"href":"https:\/\/archive.sana.sy\/tr\/index.php?rest_route=%2Fwp%2Fv2%2Fmedia&parent=323831"}],"wp:term":[{"taxonomy":"category","embeddable":true,"href":"https:\/\/archive.sana.sy\/tr\/index.php?rest_route=%2Fwp%2Fv2%2Fcategories&post=323831"},{"taxonomy":"post_tag","embeddable":true,"href":"https:\/\/archive.sana.sy\/tr\/index.php?rest_route=%2Fwp%2Fv2%2Ftags&post=323831"}],"curies":[{"name":"wp","href":"https:\/\/api.w.org\/{rel}","templated":true}]}}