{"id":323834,"date":"2025-06-25T11:08:50","date_gmt":"2025-06-25T08:08:50","guid":{"rendered":"https:\/\/sana.sy\/tr\/?p=323834"},"modified":"2025-06-25T15:14:12","modified_gmt":"2025-06-25T12:14:12","slug":"suriye-turkiye-gorusmeleri-ortakligin-guclendirilmesi-ve-ekonomik-is-birliginin-genisletilmesi-amaciyla-gerceklestirildi","status":"publish","type":"post","link":"https:\/\/archive.sana.sy\/tr\/?p=323834","title":{"rendered":"Ortakl\u0131\u011f\u0131n G\u00fc\u00e7lendirilmesi Ve Ekonomik \u0130\u015f Birli\u011finin Geni\u015fletilmesi \u0130\u00e7in Suriye-T\u00fcrkiye G\u00f6r\u00fc\u015fmeleri D\u00fczenlendi"},"content":{"rendered":"<p style=\"text-align: justify;\"><strong><span style=\"color: #ff0000;\">ANKARA (SANA)<\/span> \u2013<\/strong> Suriye&#8217;nin \u00e7e\u015fitli kentlerindeki ticaret ve sanayi odas\u0131 temsilcileri, T\u00fcrk mevkida\u015flar\u0131yla b\u00f6lgesel ortakl\u0131klar\u0131n g\u00fc\u00e7lendirilmesi ve iki taraf aras\u0131ndaki ekonomik i\u015f birli\u011finin geni\u015fletilmesi yollar\u0131n\u0131 g\u00f6r\u00fc\u015ft\u00fcler.<\/p>\n<p style=\"text-align: justify;\">Anadolu Ajans\u0131&#8217;n\u0131n aktard\u0131\u011f\u0131na g\u00f6re, Kahramanmara\u015f Ticaret ve Sanayi Odas\u0131&#8217;nca, \u015eam, Halep ve \u0130dlib ba\u015fta olmak \u00fczere Suriye&#8217;nin bir\u00e7ok kentindeki ticaret ve sanayi odas\u0131 temsilcilerinin geni\u015f kat\u0131l\u0131m\u0131yla &#8220;Kahramanmara\u015f-Suriye B\u00f6lgesel Ekonomik \u0130\u015fbirli\u011fi ve Yat\u0131r\u0131m Zirvesi&#8221; d\u00fczenlendi.<\/p>\n<p style=\"text-align: justify;\">Kahramanmara\u015f Ticaret ve Sanayi Odas\u0131 Ba\u015fkan\u0131 Mustafa Buluntu, konu\u015fmas\u0131nda Suriye ile ekonomik i\u015f birli\u011finin \u00f6nemini vurgulayarak, &#8220;\u015eehirlerimizi finansal ve ekonomik olarak ilerletmek i\u00e7in \u00e7aba sarf ediyoruz. Kahramanmara\u015f&#8217;\u0131n k\u00f6kl\u00fc end\u00fcstriyel k\u00fclt\u00fcr\u00fc ve \u00e7al\u0131\u015fma ve ticaret yapma iste\u011fi, Suriye ile ortakl\u0131\u011f\u0131m\u0131z\u0131n temel bir aya\u011f\u0131 olacak&#8221; dedi.<\/p>\n<p style=\"text-align: justify;\">Kendi y\u00f6n\u00fcnden Halep Ticaret Odas\u0131 Ba\u015fkan\u0131 Muhammed Said \u015eeyh El Kar, Suriye&#8217;de ticaret, ekonomi ve sanayinin geli\u015ftirilmesi amac\u0131yla kom\u015fu \u00fclkelerle iyi ili\u015fkiler ve dayan\u0131\u015fma esas\u0131na dayal\u0131 bir sistem olu\u015fturma \u00e7abalar\u0131n\u0131n s\u00fcrd\u00fc\u011f\u00fcn\u00fc belirtti.<\/p>\n<p style=\"text-align: justify;\">Halep Ticaret Odas\u0131 Ba\u015fkan\u0131 ayr\u0131ca, iki \u00fclke aras\u0131ndaki ticareti art\u0131rmak i\u00e7in Kahramanmara\u015f ve Suriye&#8217;den i\u015f adamlar\u0131n\u0131 bir araya getirme arzusunu dile getirerek, &#8220;Kahramanmara\u015f ve Halep aras\u0131nda ortak \u015firketler kurarak tekstil sekt\u00f6r\u00fcnde \u00f6zel yat\u0131r\u0131mlar\u0131 g\u00fcvence alt\u0131na almay\u0131 hedefliyoruz. Ayr\u0131ca, sekt\u00f6r \u00e7al\u0131\u015fanlar\u0131n\u0131n bilgi ve becerilerini art\u0131racak e\u011fitim kurslar\u0131n\u0131n d\u00fczenlenmesinde destek ar\u0131yoruz&#8221; dedi.<\/p>\n<p style=\"text-align: justify;\">\u015eeyh El Kar, &#8220;\u0130ki karde\u015f \u00fclke olarak, ihracat ve ithalat alan\u0131nda imzalad\u0131\u011f\u0131m\u0131z anla\u015fma ve ortakl\u0131klar\u0131 daha \u00fcst seviyelere ta\u015f\u0131mak istiyoruz&#8221; ifadelerini kulland\u0131.<\/p>\n<p style=\"text-align: justify;\">Daha sonra T\u00fcrk ve Suriyeli i\u015fadamlar\u0131 &#8220;serbest oturumda&#8221; yat\u0131r\u0131m g\u00f6r\u00fc\u015fmeleri ger\u00e7ekle\u015ftirdi.<\/p>\n","protected":false},"excerpt":{"rendered":"<p>ANKARA (SANA) \u2013 Suriye&#8217;nin \u00e7e\u015fitli kentlerindeki ticaret ve sanayi odas\u0131 temsilcileri, T\u00fcrk mevkida\u015flar\u0131yla b\u00f6lgesel ortakl\u0131klar\u0131n g\u00fc\u00e7lendirilmesi ve iki taraf aras\u0131ndaki ekonomik i\u015f birli\u011finin geni\u015fletilmesi yollar\u0131n\u0131 g\u00f6r\u00fc\u015ft\u00fcler. Anadolu Ajans\u0131&#8217;n\u0131n aktard\u0131\u011f\u0131na g\u00f6re, Kahramanmara\u015f Ticaret ve Sanayi Odas\u0131&#8217;nca, \u015eam, Halep ve \u0130dlib ba\u015fta olmak \u00fczere Suriye&#8217;nin bir\u00e7ok kentindeki ticaret ve sanayi odas\u0131 temsilcilerinin geni\u015f kat\u0131l\u0131m\u0131yla &#8220;Kahramanmara\u015f-Suriye B\u00f6lgesel Ekonomik &hellip;<\/p>\n","protected":false},"author":39,"featured_media":323835,"comment_status":"closed","ping_status":"closed","sticky":false,"template":"","format":"standard","meta":{"footnotes":""},"categories":[589,17988,2554,2555],"tags":[],"class_list":["post-323834","post","type-post","status-publish","format-standard","has-post-thumbnail","","category-haber-seridi","category-son-haberler","category-suriye-ve-dunya","category-suriye-ve-turkiye"],"_links":{"self":[{"href":"https:\/\/archive.sana.sy\/tr\/index.php?rest_route=\/wp\/v2\/posts\/323834","targetHints":{"allow":["GET"]}}],"collection":[{"href":"https:\/\/archive.sana.sy\/tr\/index.php?rest_route=\/wp\/v2\/posts"}],"about":[{"href":"https:\/\/archive.sana.sy\/tr\/index.php?rest_route=\/wp\/v2\/types\/post"}],"author":[{"embeddable":true,"href":"https:\/\/archive.sana.sy\/tr\/index.php?rest_route=\/wp\/v2\/users\/39"}],"replies":[{"embeddable":true,"href":"https:\/\/archive.sana.sy\/tr\/index.php?rest_route=%2Fwp%2Fv2%2Fcomments&post=323834"}],"version-history":[{"count":3,"href":"https:\/\/archive.sana.sy\/tr\/index.php?rest_route=\/wp\/v2\/posts\/323834\/revisions"}],"predecessor-version":[{"id":323850,"href":"https:\/\/archive.sana.sy\/tr\/index.php?rest_route=\/wp\/v2\/posts\/323834\/revisions\/323850"}],"wp:featuredmedia":[{"embeddable":true,"href":"https:\/\/archive.sana.sy\/tr\/index.php?rest_route=\/wp\/v2\/media\/323835"}],"wp:attachment":[{"href":"https:\/\/archive.sana.sy\/tr\/index.php?rest_route=%2Fwp%2Fv2%2Fmedia&parent=323834"}],"wp:term":[{"taxonomy":"category","embeddable":true,"href":"https:\/\/archive.sana.sy\/tr\/index.php?rest_route=%2Fwp%2Fv2%2Fcategories&post=323834"},{"taxonomy":"post_tag","embeddable":true,"href":"https:\/\/archive.sana.sy\/tr\/index.php?rest_route=%2Fwp%2Fv2%2Ftags&post=323834"}],"curies":[{"name":"wp","href":"https:\/\/api.w.org\/{rel}","templated":true}]}}