{"id":323837,"date":"2025-06-25T11:14:41","date_gmt":"2025-06-25T08:14:41","guid":{"rendered":"https:\/\/sana.sy\/tr\/?p=323837"},"modified":"2025-06-25T11:19:03","modified_gmt":"2025-06-25T08:19:03","slug":"sana-muhabiri-cebleh-kirsalinda-duyulan-patlama-sesleri-ve-gorulen-duman-sutunlari-eski-bir-askeri-tesiste-cikan-yanginin-sonucuydu-bu-yangin-icerideki-bir-dizi-fuzenin-patlamasina-yol-acti","status":"publish","type":"post","link":"https:\/\/archive.sana.sy\/tr\/?p=323837","title":{"rendered":"SANA muhabiri: Cebleh k\u0131rsal\u0131nda duyulan patlama sesleri ve g\u00f6r\u00fclen duman s\u00fctunlar\u0131, eski bir askeri tesiste \u00e7\u0131kan yang\u0131n\u0131n sonucuydu. Bu yang\u0131n i\u00e7erideki bir dizi f\u00fczenin patlamas\u0131na yol a\u00e7t\u0131."},"content":{"rendered":"","protected":false},"excerpt":{"rendered":"","protected":false},"author":39,"featured_media":0,"comment_status":"closed","ping_status":"closed","sticky":false,"template":"","format":"standard","meta":{"footnotes":""},"categories":[1],"tags":[],"class_list":["post-323837","post","type-post","status-publish","format-standard","","category-news-not-sorted"],"_links":{"self":[{"href":"https:\/\/archive.sana.sy\/tr\/index.php?rest_route=\/wp\/v2\/posts\/323837","targetHints":{"allow":["GET"]}}],"collection":[{"href":"https:\/\/archive.sana.sy\/tr\/index.php?rest_route=\/wp\/v2\/posts"}],"about":[{"href":"https:\/\/archive.sana.sy\/tr\/index.php?rest_route=\/wp\/v2\/types\/post"}],"author":[{"embeddable":true,"href":"https:\/\/archive.sana.sy\/tr\/index.php?rest_route=\/wp\/v2\/users\/39"}],"replies":[{"embeddable":true,"href":"https:\/\/archive.sana.sy\/tr\/index.php?rest_route=%2Fwp%2Fv2%2Fcomments&post=323837"}],"version-history":[{"count":1,"href":"https:\/\/archive.sana.sy\/tr\/index.php?rest_route=\/wp\/v2\/posts\/323837\/revisions"}],"predecessor-version":[{"id":323838,"href":"https:\/\/archive.sana.sy\/tr\/index.php?rest_route=\/wp\/v2\/posts\/323837\/revisions\/323838"}],"wp:attachment":[{"href":"https:\/\/archive.sana.sy\/tr\/index.php?rest_route=%2Fwp%2Fv2%2Fmedia&parent=323837"}],"wp:term":[{"taxonomy":"category","embeddable":true,"href":"https:\/\/archive.sana.sy\/tr\/index.php?rest_route=%2Fwp%2Fv2%2Fcategories&post=323837"},{"taxonomy":"post_tag","embeddable":true,"href":"https:\/\/archive.sana.sy\/tr\/index.php?rest_route=%2Fwp%2Fv2%2Ftags&post=323837"}],"curies":[{"name":"wp","href":"https:\/\/api.w.org\/{rel}","templated":true}]}}