{"id":323843,"date":"2025-06-25T12:44:08","date_gmt":"2025-06-25T09:44:08","guid":{"rendered":"https:\/\/sana.sy\/tr\/?p=323843"},"modified":"2025-06-25T15:12:23","modified_gmt":"2025-06-25T12:12:23","slug":"bruce-vasington-suriye-hukumetinin-terorle-mucadelesini-ve-istikrarini-saglamasini-destekliyor","status":"publish","type":"post","link":"https:\/\/archive.sana.sy\/tr\/?p=323843","title":{"rendered":"Bruce: Va\u015fington, Suriye H\u00fck\u00fcmetinin Ter\u00f6rle M\u00fccadelesini Ve \u0130stikrar\u0131n\u0131 Sa\u011flamas\u0131n\u0131 Destekliyor"},"content":{"rendered":"<p style=\"text-align: justify;\"><strong><span style=\"color: #ff0000;\">VA\u015e\u0130NGTON (SANA)<\/span> &#8211;<\/strong> ABD, \u015eam&#8217;\u0131n Duveylia semtindeki Mar \u0130lyas Kilisesi&#8217;ni hedef alan ter\u00f6r sald\u0131r\u0131s\u0131n\u0131 k\u0131nayarak, ter\u00f6rle m\u00fccadelede Suriye h\u00fck\u00fcmetine deste\u011fini dile getirdi.<\/p>\n<p style=\"text-align: justify;\">ABD D\u0131\u015fi\u015fleri Bakanl\u0131\u011f\u0131 S\u00f6zc\u00fcs\u00fc Tammy Bruce, d\u00fczenledi\u011fi bas\u0131n toplant\u0131s\u0131nda, &#8220;ABD, Suriye h\u00fck\u00fcmetinin Suriye ve b\u00f6lgede istikrars\u0131zla\u015ft\u0131rma ve korku yayma \u00e7abalar\u0131na kar\u015f\u0131 m\u00fccadelesini destekliyor&#8221; dedi.<\/p>\n<p style=\"text-align: justify;\">Bruce ayr\u0131ca, ABD&#8217;nin Suriye&#8217;nin ter\u00f6rist gruplarla m\u00fccadelesini destekleme taahh\u00fcd\u00fcn\u00fc teyit ederek, Va\u015fington&#8217;un Suriye ve b\u00f6lgede istikrar\u0131 sa\u011flamaya y\u00f6nelik uluslararas\u0131 \u00e7abalar\u0131n bir par\u00e7as\u0131 olarak, Suriye h\u00fck\u00fcmetinin ter\u00f6rle m\u00fccadele kabiliyetlerini g\u00fc\u00e7lendirmesine destek sa\u011flamak amac\u0131yla \u00e7e\u015fitli yapt\u0131r\u0131mlar\u0131 kald\u0131rd\u0131\u011f\u0131n\u0131 kaydetti.<\/p>\n","protected":false},"excerpt":{"rendered":"<p>VA\u015e\u0130NGTON (SANA) &#8211; ABD, \u015eam&#8217;\u0131n Duveylia semtindeki Mar \u0130lyas Kilisesi&#8217;ni hedef alan ter\u00f6r sald\u0131r\u0131s\u0131n\u0131 k\u0131nayarak, ter\u00f6rle m\u00fccadelede Suriye h\u00fck\u00fcmetine deste\u011fini dile getirdi. ABD D\u0131\u015fi\u015fleri Bakanl\u0131\u011f\u0131 S\u00f6zc\u00fcs\u00fc Tammy Bruce, d\u00fczenledi\u011fi bas\u0131n toplant\u0131s\u0131nda, &#8220;ABD, Suriye h\u00fck\u00fcmetinin Suriye ve b\u00f6lgede istikrars\u0131zla\u015ft\u0131rma ve korku yayma \u00e7abalar\u0131na kar\u015f\u0131 m\u00fccadelesini destekliyor&#8221; dedi. Bruce ayr\u0131ca, ABD&#8217;nin Suriye&#8217;nin ter\u00f6rist gruplarla m\u00fccadelesini destekleme taahh\u00fcd\u00fcn\u00fc &hellip;<\/p>\n","protected":false},"author":39,"featured_media":323844,"comment_status":"closed","ping_status":"closed","sticky":false,"template":"","format":"standard","meta":{"footnotes":""},"categories":[458,589,459,17988],"tags":[],"class_list":["post-323843","post","type-post","status-publish","format-standard","has-post-thumbnail","","category-dunya1","category-haber-seridi","category-haberler-arap-uluslararasi-politika","category-son-haberler"],"_links":{"self":[{"href":"https:\/\/archive.sana.sy\/tr\/index.php?rest_route=\/wp\/v2\/posts\/323843","targetHints":{"allow":["GET"]}}],"collection":[{"href":"https:\/\/archive.sana.sy\/tr\/index.php?rest_route=\/wp\/v2\/posts"}],"about":[{"href":"https:\/\/archive.sana.sy\/tr\/index.php?rest_route=\/wp\/v2\/types\/post"}],"author":[{"embeddable":true,"href":"https:\/\/archive.sana.sy\/tr\/index.php?rest_route=\/wp\/v2\/users\/39"}],"replies":[{"embeddable":true,"href":"https:\/\/archive.sana.sy\/tr\/index.php?rest_route=%2Fwp%2Fv2%2Fcomments&post=323843"}],"version-history":[{"count":3,"href":"https:\/\/archive.sana.sy\/tr\/index.php?rest_route=\/wp\/v2\/posts\/323843\/revisions"}],"predecessor-version":[{"id":323849,"href":"https:\/\/archive.sana.sy\/tr\/index.php?rest_route=\/wp\/v2\/posts\/323843\/revisions\/323849"}],"wp:featuredmedia":[{"embeddable":true,"href":"https:\/\/archive.sana.sy\/tr\/index.php?rest_route=\/wp\/v2\/media\/323844"}],"wp:attachment":[{"href":"https:\/\/archive.sana.sy\/tr\/index.php?rest_route=%2Fwp%2Fv2%2Fmedia&parent=323843"}],"wp:term":[{"taxonomy":"category","embeddable":true,"href":"https:\/\/archive.sana.sy\/tr\/index.php?rest_route=%2Fwp%2Fv2%2Fcategories&post=323843"},{"taxonomy":"post_tag","embeddable":true,"href":"https:\/\/archive.sana.sy\/tr\/index.php?rest_route=%2Fwp%2Fv2%2Ftags&post=323843"}],"curies":[{"name":"wp","href":"https:\/\/api.w.org\/{rel}","templated":true}]}}