{"id":323862,"date":"2025-06-25T14:45:25","date_gmt":"2025-06-25T11:45:25","guid":{"rendered":"https:\/\/sana.sy\/tr\/?p=323862"},"modified":"2025-06-25T17:50:36","modified_gmt":"2025-06-25T14:50:36","slug":"agritex-uluslararasi-fuari-yarin-samda-basliyor","status":"publish","type":"post","link":"https:\/\/archive.sana.sy\/tr\/?p=323862","title":{"rendered":"Agritex Uluslararas\u0131 Fuar\u0131 Yar\u0131n \u015eam&#8217;da Ba\u015fl\u0131yor"},"content":{"rendered":"<p style=\"text-align: justify;\"><span style=\"color: #ff0000;\"><strong>\u015eAM (SANA) &#8211;<\/strong><\/span> 142 Suriyeli, Arap ve uluslararas\u0131 \u015firketin kat\u0131l\u0131m\u0131yla, Tar\u0131m ve Veterinerlik Malzemeleri i\u00e7in Agritex Uluslararas\u0131 Fuar\u0131&#8217;n\u0131n 23. edisyonu yar\u0131n ba\u015fl\u0131yor.<\/p>\n<p style=\"text-align: justify;\">Fuar, Atassi Fuarc\u0131l\u0131k \u015eirketi taraf\u0131ndan Tar\u0131m Bakanl\u0131\u011f\u0131, Tar\u0131m Odalar\u0131 Federasyonu ve Veterinerler Sendikas\u0131 i\u015fbirli\u011fiyle \u015eam Fuar Alan\u0131&#8217;nda d\u00fczenleniyor.<\/p>\n<p style=\"text-align: justify;\">26 Haziran Per\u015fembe&#8217;den 29 Haziran Pazar&#8217;a kadar s\u00fcrecek olan fuara, veterinerlik ve tar\u0131m alanlar\u0131nda uzmanla\u015fm\u0131\u015f \u00e7ok say\u0131da \u015firket kat\u0131l\u0131yor.<\/p>\n","protected":false},"excerpt":{"rendered":"<p>\u015eAM (SANA) &#8211; 142 Suriyeli, Arap ve uluslararas\u0131 \u015firketin kat\u0131l\u0131m\u0131yla, Tar\u0131m ve Veterinerlik Malzemeleri i\u00e7in Agritex Uluslararas\u0131 Fuar\u0131&#8217;n\u0131n 23. edisyonu yar\u0131n ba\u015fl\u0131yor. Fuar, Atassi Fuarc\u0131l\u0131k \u015eirketi taraf\u0131ndan Tar\u0131m Bakanl\u0131\u011f\u0131, Tar\u0131m Odalar\u0131 Federasyonu ve Veterinerler Sendikas\u0131 i\u015fbirli\u011fiyle \u015eam Fuar Alan\u0131&#8217;nda d\u00fczenleniyor. 26 Haziran Per\u015fembe&#8217;den 29 Haziran Pazar&#8217;a kadar s\u00fcrecek olan fuara, veterinerlik ve tar\u0131m alanlar\u0131nda uzmanla\u015fm\u0131\u015f &hellip;<\/p>\n","protected":false},"author":41,"featured_media":0,"comment_status":"closed","ping_status":"closed","sticky":false,"template":"","format":"standard","meta":{"footnotes":""},"categories":[1],"tags":[],"class_list":["post-323862","post","type-post","status-publish","format-standard","","category-news-not-sorted"],"_links":{"self":[{"href":"https:\/\/archive.sana.sy\/tr\/index.php?rest_route=\/wp\/v2\/posts\/323862","targetHints":{"allow":["GET"]}}],"collection":[{"href":"https:\/\/archive.sana.sy\/tr\/index.php?rest_route=\/wp\/v2\/posts"}],"about":[{"href":"https:\/\/archive.sana.sy\/tr\/index.php?rest_route=\/wp\/v2\/types\/post"}],"author":[{"embeddable":true,"href":"https:\/\/archive.sana.sy\/tr\/index.php?rest_route=\/wp\/v2\/users\/41"}],"replies":[{"embeddable":true,"href":"https:\/\/archive.sana.sy\/tr\/index.php?rest_route=%2Fwp%2Fv2%2Fcomments&post=323862"}],"version-history":[{"count":1,"href":"https:\/\/archive.sana.sy\/tr\/index.php?rest_route=\/wp\/v2\/posts\/323862\/revisions"}],"predecessor-version":[{"id":323863,"href":"https:\/\/archive.sana.sy\/tr\/index.php?rest_route=\/wp\/v2\/posts\/323862\/revisions\/323863"}],"wp:attachment":[{"href":"https:\/\/archive.sana.sy\/tr\/index.php?rest_route=%2Fwp%2Fv2%2Fmedia&parent=323862"}],"wp:term":[{"taxonomy":"category","embeddable":true,"href":"https:\/\/archive.sana.sy\/tr\/index.php?rest_route=%2Fwp%2Fv2%2Fcategories&post=323862"},{"taxonomy":"post_tag","embeddable":true,"href":"https:\/\/archive.sana.sy\/tr\/index.php?rest_route=%2Fwp%2Fv2%2Ftags&post=323862"}],"curies":[{"name":"wp","href":"https:\/\/api.w.org\/{rel}","templated":true}]}}