{"id":323865,"date":"2025-06-25T16:15:31","date_gmt":"2025-06-25T13:15:31","guid":{"rendered":"https:\/\/sana.sy\/tr\/?p=323865"},"modified":"2025-06-25T16:41:34","modified_gmt":"2025-06-25T13:41:34","slug":"agritex-uluslararasi-fuari-yarin-samda-basliyor-2","status":"publish","type":"post","link":"https:\/\/archive.sana.sy\/tr\/?p=323865","title":{"rendered":"Agritex Uluslararas\u0131 Fuar\u0131 Yar\u0131n \u015eam&#8217;da Ba\u015fl\u0131yor"},"content":{"rendered":"<p style=\"text-align: justify;\"><strong><span style=\"color: #ff0000;\">\u015eAM (SANA)<\/span> &#8211;<\/strong>\u00a0 142 Suriyeli, Arap ve uluslararas\u0131 \u015firketin kat\u0131l\u0131m\u0131yla, Tar\u0131m ve Veterinerlik Malzemeleri i\u00e7in Agritex Uluslararas\u0131 Fuar\u0131&#8217;n\u0131n 23. edisyonu yar\u0131n ba\u015fl\u0131yor.<\/p>\n<p style=\"text-align: justify;\">Etkinlik, Atassi Exhibitions taraf\u0131ndan Tar\u0131m Bakanl\u0131\u011f\u0131, Tar\u0131m Odalar\u0131 Federasyonu ve Veterinerler Sendikas\u0131 i\u015fbirli\u011fiyle \u015eam Fuar Alan\u0131&#8217;nda d\u00fczenleniyor.<\/p>\n<p style=\"text-align: justify;\">26 Haziran Per\u015fembe&#8217;den 29 Haziran Pazar&#8217;a kadar s\u00fcrecek olan fuara, veterinerlik ve tar\u0131m alanlar\u0131nda uzmanla\u015fm\u0131\u015f \u00e7ok say\u0131da \u015firket kat\u0131l\u0131yor.<\/p>\n","protected":false},"excerpt":{"rendered":"<p>\u015eAM (SANA) &#8211;\u00a0 142 Suriyeli, Arap ve uluslararas\u0131 \u015firketin kat\u0131l\u0131m\u0131yla, Tar\u0131m ve Veterinerlik Malzemeleri i\u00e7in Agritex Uluslararas\u0131 Fuar\u0131&#8217;n\u0131n 23. edisyonu yar\u0131n ba\u015fl\u0131yor. Etkinlik, Atassi Exhibitions taraf\u0131ndan Tar\u0131m Bakanl\u0131\u011f\u0131, Tar\u0131m Odalar\u0131 Federasyonu ve Veterinerler Sendikas\u0131 i\u015fbirli\u011fiyle \u015eam Fuar Alan\u0131&#8217;nda d\u00fczenleniyor. 26 Haziran Per\u015fembe&#8217;den 29 Haziran Pazar&#8217;a kadar s\u00fcrecek olan fuara, veterinerlik ve tar\u0131m alanlar\u0131nda uzmanla\u015fm\u0131\u015f \u00e7ok &hellip;<\/p>\n","protected":false},"author":41,"featured_media":323866,"comment_status":"closed","ping_status":"closed","sticky":false,"template":"","format":"standard","meta":{"footnotes":""},"categories":[589,479,17988,478],"tags":[],"class_list":["post-323865","post","type-post","status-publish","format-standard","has-post-thumbnail","","category-haber-seridi","category-haberler-yerel","category-son-haberler","category-yerel"],"_links":{"self":[{"href":"https:\/\/archive.sana.sy\/tr\/index.php?rest_route=\/wp\/v2\/posts\/323865","targetHints":{"allow":["GET"]}}],"collection":[{"href":"https:\/\/archive.sana.sy\/tr\/index.php?rest_route=\/wp\/v2\/posts"}],"about":[{"href":"https:\/\/archive.sana.sy\/tr\/index.php?rest_route=\/wp\/v2\/types\/post"}],"author":[{"embeddable":true,"href":"https:\/\/archive.sana.sy\/tr\/index.php?rest_route=\/wp\/v2\/users\/41"}],"replies":[{"embeddable":true,"href":"https:\/\/archive.sana.sy\/tr\/index.php?rest_route=%2Fwp%2Fv2%2Fcomments&post=323865"}],"version-history":[{"count":1,"href":"https:\/\/archive.sana.sy\/tr\/index.php?rest_route=\/wp\/v2\/posts\/323865\/revisions"}],"predecessor-version":[{"id":323867,"href":"https:\/\/archive.sana.sy\/tr\/index.php?rest_route=\/wp\/v2\/posts\/323865\/revisions\/323867"}],"wp:featuredmedia":[{"embeddable":true,"href":"https:\/\/archive.sana.sy\/tr\/index.php?rest_route=\/wp\/v2\/media\/323866"}],"wp:attachment":[{"href":"https:\/\/archive.sana.sy\/tr\/index.php?rest_route=%2Fwp%2Fv2%2Fmedia&parent=323865"}],"wp:term":[{"taxonomy":"category","embeddable":true,"href":"https:\/\/archive.sana.sy\/tr\/index.php?rest_route=%2Fwp%2Fv2%2Fcategories&post=323865"},{"taxonomy":"post_tag","embeddable":true,"href":"https:\/\/archive.sana.sy\/tr\/index.php?rest_route=%2Fwp%2Fv2%2Ftags&post=323865"}],"curies":[{"name":"wp","href":"https:\/\/api.w.org\/{rel}","templated":true}]}}