{"id":323875,"date":"2025-06-25T17:57:36","date_gmt":"2025-06-25T14:57:36","guid":{"rendered":"https:\/\/sana.sy\/tr\/?p=323875"},"modified":"2025-06-25T17:57:36","modified_gmt":"2025-06-25T14:57:36","slug":"erdogan-turkiye-suriyede-istikrari-desteklemeye-devam-edecek","status":"publish","type":"post","link":"https:\/\/archive.sana.sy\/tr\/?p=323875","title":{"rendered":"Erdo\u011fan: T\u00fcrkiye Suriye&#8217;de \u0130stikrar\u0131 Desteklemeye Devam Edecek"},"content":{"rendered":"<p style=\"text-align: justify;\"><span style=\"color: #ff0000;\"><strong><img loading=\"lazy\" decoding=\"async\" class=\"size-full wp-image-323877 alignright\" src=\"http:\/\/sana.sy\/tr\/wp-content\/uploads\/2025\/06\/thumbs_b_c_629c87585d6201b81d5305c4f006a3f7-300x169-1.jpg\" alt=\"\" width=\"300\" height=\"169\" \/>ANKARA (SANA)<\/strong> <\/span>&#8211; T\u00fcrkiye Cumhurba\u015fkan\u0131 Recep Tayyip Erdo\u011fan, \u00fclkesinin Suriye&#8217;nin toprak b\u00fct\u00fcnl\u00fc\u011f\u00fcn\u00fc ve siyasi birli\u011fini koruyarak istikrar\u0131n\u0131 desteklemeye devam edece\u011fini vurgulad\u0131.<\/p>\n<p style=\"text-align: justify;\">T\u00fcrkiye Anadolu Ajans\u0131&#8217;n\u0131n Telegram kanal\u0131na g\u00f6re, bu NATO liderleri zirvesi kapsam\u0131nda Hollanda&#8217;n\u0131n Lahey kentinde \u0130ngiltere Ba\u015fbakan\u0131 Keir Starmer ile yapt\u0131\u011f\u0131 g\u00f6r\u00fc\u015fme s\u0131ras\u0131nda ger\u00e7ekle\u015fti.<\/p>\n<p style=\"text-align: justify;\">Erdo\u011fan ayr\u0131ca \u0130ran ve \u0130srail&#8217;in ate\u015fkese uymas\u0131n\u0131 umdu\u011funu belirterek, &#8220;b\u00f6lgesel gerginliklerin Gazze \u015eeridi&#8217;nde devam eden insani felaketi unutturmas\u0131na izin verilmemeli&#8221; ifadelerini kulland\u0131.<\/p>\n","protected":false},"excerpt":{"rendered":"<p>ANKARA (SANA) &#8211; T\u00fcrkiye Cumhurba\u015fkan\u0131 Recep Tayyip Erdo\u011fan, \u00fclkesinin Suriye&#8217;nin toprak b\u00fct\u00fcnl\u00fc\u011f\u00fcn\u00fc ve siyasi birli\u011fini koruyarak istikrar\u0131n\u0131 desteklemeye devam edece\u011fini vurgulad\u0131. T\u00fcrkiye Anadolu Ajans\u0131&#8217;n\u0131n Telegram kanal\u0131na g\u00f6re, bu NATO liderleri zirvesi kapsam\u0131nda Hollanda&#8217;n\u0131n Lahey kentinde \u0130ngiltere Ba\u015fbakan\u0131 Keir Starmer ile yapt\u0131\u011f\u0131 g\u00f6r\u00fc\u015fme s\u0131ras\u0131nda ger\u00e7ekle\u015fti. Erdo\u011fan ayr\u0131ca \u0130ran ve \u0130srail&#8217;in ate\u015fkese uymas\u0131n\u0131 umdu\u011funu belirterek, &#8220;b\u00f6lgesel gerginliklerin &hellip;<\/p>\n","protected":false},"author":41,"featured_media":323876,"comment_status":"closed","ping_status":"closed","sticky":false,"template":"","format":"standard","meta":{"footnotes":""},"categories":[589,17988,2554,2555],"tags":[],"class_list":["post-323875","post","type-post","status-publish","format-standard","has-post-thumbnail","","category-haber-seridi","category-son-haberler","category-suriye-ve-dunya","category-suriye-ve-turkiye"],"_links":{"self":[{"href":"https:\/\/archive.sana.sy\/tr\/index.php?rest_route=\/wp\/v2\/posts\/323875","targetHints":{"allow":["GET"]}}],"collection":[{"href":"https:\/\/archive.sana.sy\/tr\/index.php?rest_route=\/wp\/v2\/posts"}],"about":[{"href":"https:\/\/archive.sana.sy\/tr\/index.php?rest_route=\/wp\/v2\/types\/post"}],"author":[{"embeddable":true,"href":"https:\/\/archive.sana.sy\/tr\/index.php?rest_route=\/wp\/v2\/users\/41"}],"replies":[{"embeddable":true,"href":"https:\/\/archive.sana.sy\/tr\/index.php?rest_route=%2Fwp%2Fv2%2Fcomments&post=323875"}],"version-history":[{"count":1,"href":"https:\/\/archive.sana.sy\/tr\/index.php?rest_route=\/wp\/v2\/posts\/323875\/revisions"}],"predecessor-version":[{"id":323878,"href":"https:\/\/archive.sana.sy\/tr\/index.php?rest_route=\/wp\/v2\/posts\/323875\/revisions\/323878"}],"wp:featuredmedia":[{"embeddable":true,"href":"https:\/\/archive.sana.sy\/tr\/index.php?rest_route=\/wp\/v2\/media\/323876"}],"wp:attachment":[{"href":"https:\/\/archive.sana.sy\/tr\/index.php?rest_route=%2Fwp%2Fv2%2Fmedia&parent=323875"}],"wp:term":[{"taxonomy":"category","embeddable":true,"href":"https:\/\/archive.sana.sy\/tr\/index.php?rest_route=%2Fwp%2Fv2%2Fcategories&post=323875"},{"taxonomy":"post_tag","embeddable":true,"href":"https:\/\/archive.sana.sy\/tr\/index.php?rest_route=%2Fwp%2Fv2%2Ftags&post=323875"}],"curies":[{"name":"wp","href":"https:\/\/api.w.org\/{rel}","templated":true}]}}