{"id":323879,"date":"2025-06-25T18:57:16","date_gmt":"2025-06-25T15:57:16","guid":{"rendered":"https:\/\/sana.sy\/tr\/?p=323879"},"modified":"2025-06-25T19:09:20","modified_gmt":"2025-06-25T16:09:20","slug":"grandi-sanaya-multecilerin-suriyeye-donusu-herkesin-hukumetin-cabalarini-desteklemesini-gerektiriyor","status":"publish","type":"post","link":"https:\/\/archive.sana.sy\/tr\/?p=323879","title":{"rendered":"Grandi, SANA&#8217;ya: M\u00fcltecilerin Suriye&#8217;ye D\u00f6n\u00fc\u015f\u00fc, Herkesin H\u00fck\u00fcmetin \u00c7abalar\u0131n\u0131 Desteklemesini Gerektiriyor"},"content":{"rendered":"<p style=\"text-align: justify;\"><span style=\"color: #ff0000;\"><strong>\u015eAM (SANA)<\/strong><\/span> &#8211;\u00a0 Birle\u015fmi\u015f Milletler M\u00fclteciler Y\u00fcksek Komiseri Filippo Grandi, m\u00fcltecilerin Suriye&#8217;ye g\u00f6n\u00fcll\u00fc, kademeli ve \u00f6l\u00e7\u00fcl\u00fc bir \u015fekilde geri d\u00f6nmesinin sa\u011flanmas\u0131 ve bunun i\u00e7in uluslararas\u0131 toplumun orada istikrar\u0131 art\u0131rma \u00e7abalar\u0131n\u0131n desteklenmesi gerekti\u011fini kaydederek, \u00a0BMMYK&#8217;nin bu konuda Suriye h\u00fck\u00fcmetinin \u00e7abalar\u0131na verdi\u011fi deste\u011fi vurgulad\u0131.<\/p>\n<p style=\"text-align: justify;\">SANA ile yapt\u0131\u011f\u0131 \u00f6zel bir r\u00f6portajda Grandi, BMMYK&#8217;nin \u00e7ok say\u0131da Suriyeli m\u00fclteciye ev sahipli\u011fi yapan h\u00fck\u00fcmetlerle yak\u0131n bir \u015fekilde \u00e7al\u0131\u015ft\u0131\u011f\u0131n\u0131 a\u00e7\u0131klarken,\u00a0 BMMYK&#8217;nin, geri d\u00f6n\u00fc\u015flerin g\u00f6n\u00fcll\u00fc olmas\u0131n\u0131 sa\u011flamak i\u00e7in bu h\u00fck\u00fcmetlerle bir i\u015fbirli\u011fi sistemi benimsedi\u011fini ve bu sistemi iyile\u015ftirmek ve g\u00fc\u00e7lendirmek i\u00e7in \u00e7al\u0131\u015fmalar\u0131n s\u00fcrd\u00fc\u011f\u00fcn\u00fc belirtti.<\/p>\n<p style=\"text-align: justify;\">T\u00fcm m\u00fcltecilerin ayn\u0131 anda geri d\u00f6nmesinin m\u00fcmk\u00fcn olmad\u0131\u011f\u0131na ve Suriye&#8217;nin \u015fu anki durumu i\u00e7in iyi bir \u015fey olmad\u0131\u011f\u0131na dikket \u00e7eken Grandi, &#8220;Suriye, gerekli kapasite olmadan milyonlarca insan\u0131 ayn\u0131 anda nas\u0131l kabul edebilir?&#8221; ifadelerini kulland\u0131.<\/p>\n<p style=\"text-align: justify;\">Grandi a\u00e7\u0131klamas\u0131nda da, en iyi \u00e7\u00f6z\u00fcm\u00fcn kademeli geri d\u00f6n\u00fc\u015f oldu\u011funu belirtirken, \u2018\u2019 &#8220;T\u00fcm m\u00fcltecilerin geri d\u00f6n\u00fc\u015f\u00fc, Suriye h\u00fck\u00fcmetine daha fazla destek sa\u011flanmas\u0131n\u0131 ve Suriye Dostlar\u0131 ve uluslararas\u0131 finans kurulu\u015flar\u0131 da dahil olmak \u00fczere bir\u00e7ok taraf\u0131n ortak \u00e7abalar\u0131n\u0131 gerektiriyor\u2019\u2019 ifadelerini s\u00f6zlerine ekledi.<\/p>\n","protected":false},"excerpt":{"rendered":"<p>\u015eAM (SANA) &#8211;\u00a0 Birle\u015fmi\u015f Milletler M\u00fclteciler Y\u00fcksek Komiseri Filippo Grandi, m\u00fcltecilerin Suriye&#8217;ye g\u00f6n\u00fcll\u00fc, kademeli ve \u00f6l\u00e7\u00fcl\u00fc bir \u015fekilde geri d\u00f6nmesinin sa\u011flanmas\u0131 ve bunun i\u00e7in uluslararas\u0131 toplumun orada istikrar\u0131 art\u0131rma \u00e7abalar\u0131n\u0131n desteklenmesi gerekti\u011fini kaydederek, \u00a0BMMYK&#8217;nin bu konuda Suriye h\u00fck\u00fcmetinin \u00e7abalar\u0131na verdi\u011fi deste\u011fi vurgulad\u0131. SANA ile yapt\u0131\u011f\u0131 \u00f6zel bir r\u00f6portajda Grandi, BMMYK&#8217;nin \u00e7ok say\u0131da Suriyeli m\u00fclteciye ev &hellip;<\/p>\n","protected":false},"author":41,"featured_media":323880,"comment_status":"closed","ping_status":"closed","sticky":false,"template":"","format":"standard","meta":{"footnotes":""},"categories":[589,479,17988,478],"tags":[],"class_list":["post-323879","post","type-post","status-publish","format-standard","has-post-thumbnail","","category-haber-seridi","category-haberler-yerel","category-son-haberler","category-yerel"],"_links":{"self":[{"href":"https:\/\/archive.sana.sy\/tr\/index.php?rest_route=\/wp\/v2\/posts\/323879","targetHints":{"allow":["GET"]}}],"collection":[{"href":"https:\/\/archive.sana.sy\/tr\/index.php?rest_route=\/wp\/v2\/posts"}],"about":[{"href":"https:\/\/archive.sana.sy\/tr\/index.php?rest_route=\/wp\/v2\/types\/post"}],"author":[{"embeddable":true,"href":"https:\/\/archive.sana.sy\/tr\/index.php?rest_route=\/wp\/v2\/users\/41"}],"replies":[{"embeddable":true,"href":"https:\/\/archive.sana.sy\/tr\/index.php?rest_route=%2Fwp%2Fv2%2Fcomments&post=323879"}],"version-history":[{"count":2,"href":"https:\/\/archive.sana.sy\/tr\/index.php?rest_route=\/wp\/v2\/posts\/323879\/revisions"}],"predecessor-version":[{"id":323882,"href":"https:\/\/archive.sana.sy\/tr\/index.php?rest_route=\/wp\/v2\/posts\/323879\/revisions\/323882"}],"wp:featuredmedia":[{"embeddable":true,"href":"https:\/\/archive.sana.sy\/tr\/index.php?rest_route=\/wp\/v2\/media\/323880"}],"wp:attachment":[{"href":"https:\/\/archive.sana.sy\/tr\/index.php?rest_route=%2Fwp%2Fv2%2Fmedia&parent=323879"}],"wp:term":[{"taxonomy":"category","embeddable":true,"href":"https:\/\/archive.sana.sy\/tr\/index.php?rest_route=%2Fwp%2Fv2%2Fcategories&post=323879"},{"taxonomy":"post_tag","embeddable":true,"href":"https:\/\/archive.sana.sy\/tr\/index.php?rest_route=%2Fwp%2Fv2%2Ftags&post=323879"}],"curies":[{"name":"wp","href":"https:\/\/api.w.org\/{rel}","templated":true}]}}