{"id":323899,"date":"2025-06-26T09:41:58","date_gmt":"2025-06-26T06:41:58","guid":{"rendered":"https:\/\/sana.sy\/tr\/?p=323899"},"modified":"2025-06-26T09:41:58","modified_gmt":"2025-06-26T06:41:58","slug":"suriye-ve-ingiltere-suriyede-adaleti-destekleme-adimlarini-gorustu","status":"publish","type":"post","link":"https:\/\/archive.sana.sy\/tr\/?p=323899","title":{"rendered":"Suriye Ve \u0130ngiltere Suriye&#8217;de Adaleti Destekleme Ad\u0131mlar\u0131n\u0131 G\u00f6r\u00fc\u015ft\u00fc"},"content":{"rendered":"<p style=\"text-align: justify;\"><strong>\u015eAM (SANA) &#8211;<\/strong> Suriye Adalet Bakan\u0131 Mazher El Veys, \u015eam&#8217;daki bakanl\u0131k merkezinde d\u00fczenlenen g\u00f6r\u00fc\u015fmede \u0130ngiltere&#8217;nin Suriye \u00d6zel Temsilcisi Anne Snow ile ikili i\u015f birli\u011fini geli\u015ftirmenin ve Suriye&#8217;deki durumu iyile\u015ftirmenin yollar\u0131n\u0131 g\u00f6r\u00fc\u015ft\u00fc.<\/p>\n<p style=\"text-align: justify;\">Bakan El Veys, Birle\u015fik Krall\u0131k&#8217;\u0131n yapt\u0131r\u0131mlar\u0131 kald\u0131rma \u00e7abalar\u0131n\u0131 takdir etti\u011fini ifade ederek, bu \u00e7abalar\u0131n vatanda\u015flar\u0131n hayatlar\u0131n\u0131 olumlu y\u00f6nde etkileyen somut ve pratik ad\u0131mlara d\u00f6n\u00fc\u015ft\u00fcr\u00fclmesinin \u00f6nemini vurgulad\u0131.<\/p>\n<p style=\"text-align: justify;\">Snow ise \u00fclkesinin Suriye&#8217;deki bar\u0131\u015f \u00e7abalar\u0131n\u0131 destekleme, toprak b\u00fct\u00fcnl\u00fc\u011f\u00fcn\u00fc koruma ve ter\u00f6rizm ve kimyasal silahlarla m\u00fccadele etme konusundaki kararl\u0131l\u0131\u011f\u0131n\u0131 yineledi ve \u0130ngiltere&#8217;nin adalet, e\u011fitim ve tar\u0131m alanlar\u0131nda destek sa\u011flamaya, ya\u015fam ve ekonomik ko\u015fullar\u0131n iyile\u015ftirilmesine katk\u0131da bulunmaya haz\u0131r oldu\u011funu ifade etti.<\/p>\n","protected":false},"excerpt":{"rendered":"<p>\u015eAM (SANA) &#8211; Suriye Adalet Bakan\u0131 Mazher El Veys, \u015eam&#8217;daki bakanl\u0131k merkezinde d\u00fczenlenen g\u00f6r\u00fc\u015fmede \u0130ngiltere&#8217;nin Suriye \u00d6zel Temsilcisi Anne Snow ile ikili i\u015f birli\u011fini geli\u015ftirmenin ve Suriye&#8217;deki durumu iyile\u015ftirmenin yollar\u0131n\u0131 g\u00f6r\u00fc\u015ft\u00fc. Bakan El Veys, Birle\u015fik Krall\u0131k&#8217;\u0131n yapt\u0131r\u0131mlar\u0131 kald\u0131rma \u00e7abalar\u0131n\u0131 takdir etti\u011fini ifade ederek, bu \u00e7abalar\u0131n vatanda\u015flar\u0131n hayatlar\u0131n\u0131 olumlu y\u00f6nde etkileyen somut ve pratik ad\u0131mlara d\u00f6n\u00fc\u015ft\u00fcr\u00fclmesinin &hellip;<\/p>\n","protected":false},"author":39,"featured_media":323900,"comment_status":"closed","ping_status":"closed","sticky":false,"template":"","format":"standard","meta":{"footnotes":""},"categories":[589,479,17988,478],"tags":[],"class_list":["post-323899","post","type-post","status-publish","format-standard","has-post-thumbnail","","category-haber-seridi","category-haberler-yerel","category-son-haberler","category-yerel"],"_links":{"self":[{"href":"https:\/\/archive.sana.sy\/tr\/index.php?rest_route=\/wp\/v2\/posts\/323899","targetHints":{"allow":["GET"]}}],"collection":[{"href":"https:\/\/archive.sana.sy\/tr\/index.php?rest_route=\/wp\/v2\/posts"}],"about":[{"href":"https:\/\/archive.sana.sy\/tr\/index.php?rest_route=\/wp\/v2\/types\/post"}],"author":[{"embeddable":true,"href":"https:\/\/archive.sana.sy\/tr\/index.php?rest_route=\/wp\/v2\/users\/39"}],"replies":[{"embeddable":true,"href":"https:\/\/archive.sana.sy\/tr\/index.php?rest_route=%2Fwp%2Fv2%2Fcomments&post=323899"}],"version-history":[{"count":1,"href":"https:\/\/archive.sana.sy\/tr\/index.php?rest_route=\/wp\/v2\/posts\/323899\/revisions"}],"predecessor-version":[{"id":323901,"href":"https:\/\/archive.sana.sy\/tr\/index.php?rest_route=\/wp\/v2\/posts\/323899\/revisions\/323901"}],"wp:featuredmedia":[{"embeddable":true,"href":"https:\/\/archive.sana.sy\/tr\/index.php?rest_route=\/wp\/v2\/media\/323900"}],"wp:attachment":[{"href":"https:\/\/archive.sana.sy\/tr\/index.php?rest_route=%2Fwp%2Fv2%2Fmedia&parent=323899"}],"wp:term":[{"taxonomy":"category","embeddable":true,"href":"https:\/\/archive.sana.sy\/tr\/index.php?rest_route=%2Fwp%2Fv2%2Fcategories&post=323899"},{"taxonomy":"post_tag","embeddable":true,"href":"https:\/\/archive.sana.sy\/tr\/index.php?rest_route=%2Fwp%2Fv2%2Ftags&post=323899"}],"curies":[{"name":"wp","href":"https:\/\/api.w.org\/{rel}","templated":true}]}}