{"id":323906,"date":"2025-06-26T10:34:40","date_gmt":"2025-06-26T07:34:40","guid":{"rendered":"https:\/\/sana.sy\/tr\/?p=323906"},"modified":"2025-06-26T10:34:40","modified_gmt":"2025-06-26T07:34:40","slug":"suriye-italya-ekonomik-is-birliginde-yeni-ufuklar","status":"publish","type":"post","link":"https:\/\/archive.sana.sy\/tr\/?p=323906","title":{"rendered":"Suriye-\u0130talya Ekonomik \u0130\u015f Birli\u011finde Yeni Ufuklar"},"content":{"rendered":"<p style=\"text-align: justify;\"><strong>\u015eAM (SANA) \u2013<\/strong> Suriye Ekonomi ve Sanayi Bakan\u0131 Dr. Muhammed Nidal El \u015eaar, \u0130talya\u2019n\u0131n \u015eam Maslahatg\u00fczar\u0131 Stefano Ravanjan ile bakanl\u0131k binas\u0131nda ger\u00e7ekle\u015ftirdi\u011fi resmi g\u00f6r\u00fc\u015fmede, Suriye ile \u0130talya aras\u0131ndaki ekonomik i\u015f birli\u011finin g\u00fc\u00e7lendirilmesi yollar\u0131n\u0131 ele ald\u0131.<\/p>\n<p style=\"text-align: justify;\">G\u00f6r\u00fc\u015fmede, sanayi ve ticaret alanlar\u0131nda \u00f6nerilen \u00e7e\u015fitli projelerin yan\u0131 s\u0131ra, \u0130talya\u2019n\u0131n Suriye pazar\u0131ndaki yat\u0131r\u0131mlar\u0131n\u0131 art\u0131rarak \u00fclkenin ulusal ekonomisine katk\u0131 sa\u011flayacak mekanizmalar masaya yat\u0131r\u0131ld\u0131.<\/p>\n<p style=\"text-align: justify;\">Bakan El \u015eaar, iki \u00fclke aras\u0131ndaki ticaret ve yat\u0131r\u0131m i\u015f birli\u011finin geni\u015fletilmesinin \u00f6nemine dikkat \u00e7ekerek, kar\u015f\u0131l\u0131kl\u0131 \u00e7\u0131karlar\u0131n sa\u011flanmas\u0131na y\u00f6nelik b\u00fcy\u00fck potansiyelin bulundu\u011funu vurgulad\u0131.<\/p>\n<p style=\"text-align: justify;\">Ravanjan ise \u00fclkesinin Suriye ile ekonomik ili\u015fkileri geli\u015ftirmeye olan ilgisini dile getirerek, ortak projelerin i\u015f imk\u00e2nlar\u0131 yaratmada ve s\u00fcrd\u00fcr\u00fclebilir kalk\u0131nmay\u0131 te\u015fvik etmede ta\u015f\u0131d\u0131\u011f\u0131 \u00f6nemin alt\u0131n\u0131 \u00e7izdi.<\/p>\n<p style=\"text-align: justify;\">Taraflar, bu \u00e7abalar\u0131n iki \u00fclke aras\u0131ndaki ekonomik ili\u015fkilerin derinle\u015fmesine ve gelecekteki i\u015f birli\u011fine yeni ufuklar a\u00e7aca\u011f\u0131 y\u00f6n\u00fcndeki iyimserliklerini ifade ettiler.<\/p>\n","protected":false},"excerpt":{"rendered":"<p>\u015eAM (SANA) \u2013 Suriye Ekonomi ve Sanayi Bakan\u0131 Dr. Muhammed Nidal El \u015eaar, \u0130talya\u2019n\u0131n \u015eam Maslahatg\u00fczar\u0131 Stefano Ravanjan ile bakanl\u0131k binas\u0131nda ger\u00e7ekle\u015ftirdi\u011fi resmi g\u00f6r\u00fc\u015fmede, Suriye ile \u0130talya aras\u0131ndaki ekonomik i\u015f birli\u011finin g\u00fc\u00e7lendirilmesi yollar\u0131n\u0131 ele ald\u0131. G\u00f6r\u00fc\u015fmede, sanayi ve ticaret alanlar\u0131nda \u00f6nerilen \u00e7e\u015fitli projelerin yan\u0131 s\u0131ra, \u0130talya\u2019n\u0131n Suriye pazar\u0131ndaki yat\u0131r\u0131mlar\u0131n\u0131 art\u0131rarak \u00fclkenin ulusal ekonomisine katk\u0131 sa\u011flayacak &hellip;<\/p>\n","protected":false},"author":39,"featured_media":323907,"comment_status":"closed","ping_status":"closed","sticky":false,"template":"","format":"standard","meta":{"footnotes":""},"categories":[589,479,17988,478],"tags":[],"class_list":["post-323906","post","type-post","status-publish","format-standard","has-post-thumbnail","","category-haber-seridi","category-haberler-yerel","category-son-haberler","category-yerel"],"_links":{"self":[{"href":"https:\/\/archive.sana.sy\/tr\/index.php?rest_route=\/wp\/v2\/posts\/323906","targetHints":{"allow":["GET"]}}],"collection":[{"href":"https:\/\/archive.sana.sy\/tr\/index.php?rest_route=\/wp\/v2\/posts"}],"about":[{"href":"https:\/\/archive.sana.sy\/tr\/index.php?rest_route=\/wp\/v2\/types\/post"}],"author":[{"embeddable":true,"href":"https:\/\/archive.sana.sy\/tr\/index.php?rest_route=\/wp\/v2\/users\/39"}],"replies":[{"embeddable":true,"href":"https:\/\/archive.sana.sy\/tr\/index.php?rest_route=%2Fwp%2Fv2%2Fcomments&post=323906"}],"version-history":[{"count":1,"href":"https:\/\/archive.sana.sy\/tr\/index.php?rest_route=\/wp\/v2\/posts\/323906\/revisions"}],"predecessor-version":[{"id":323908,"href":"https:\/\/archive.sana.sy\/tr\/index.php?rest_route=\/wp\/v2\/posts\/323906\/revisions\/323908"}],"wp:featuredmedia":[{"embeddable":true,"href":"https:\/\/archive.sana.sy\/tr\/index.php?rest_route=\/wp\/v2\/media\/323907"}],"wp:attachment":[{"href":"https:\/\/archive.sana.sy\/tr\/index.php?rest_route=%2Fwp%2Fv2%2Fmedia&parent=323906"}],"wp:term":[{"taxonomy":"category","embeddable":true,"href":"https:\/\/archive.sana.sy\/tr\/index.php?rest_route=%2Fwp%2Fv2%2Fcategories&post=323906"},{"taxonomy":"post_tag","embeddable":true,"href":"https:\/\/archive.sana.sy\/tr\/index.php?rest_route=%2Fwp%2Fv2%2Ftags&post=323906"}],"curies":[{"name":"wp","href":"https:\/\/api.w.org\/{rel}","templated":true}]}}