{"id":323909,"date":"2025-06-26T11:05:05","date_gmt":"2025-06-26T08:05:05","guid":{"rendered":"https:\/\/sana.sy\/tr\/?p=323909"},"modified":"2025-06-27T18:29:49","modified_gmt":"2025-06-27T15:29:49","slug":"kanserle-mucadelede-yeni-adim-el-beyruni-hastanesi-genisletildi","status":"publish","type":"post","link":"https:\/\/archive.sana.sy\/tr\/?p=323909","title":{"rendered":"Kanserle M\u00fccadelede Yeni Ad\u0131m: El Beyruni Hastanesi Geni\u015fletildi"},"content":{"rendered":"<p style=\"text-align: justify;\"><span style=\"color: #ff0000;\"><strong>\u015eAM (SANA) \u2013<\/strong><\/span> Y\u00fcksek\u00f6\u011fretim ve Bilimsel Ara\u015ft\u0131rma Bakan\u0131\u00a0 Mervan El Halabi ile Sa\u011fl\u0131k Bakan\u0131\u00a0 Musab El Ali, Kanserle M\u00fccadele Umut Derne\u011fi&#8217;nin deste\u011fiyle rehabilitasyonu tamamlanan, kanser hastalar\u0131na radyoterapi uygulayan El Beyruni \u00dcniversitesi Hastanesi&#8217;ne ba\u011fl\u0131 Mezzeh T\u0131p B\u00f6l\u00fcm\u00fc&#8217;n\u00fcn a\u00e7\u0131l\u0131\u015f\u0131n\u0131 ger\u00e7ekle\u015ftirdi.<\/p>\n<p style=\"text-align: justify;\"><img loading=\"lazy\" decoding=\"async\" class=\"size-full wp-image-323917 alignright\" src=\"http:\/\/sana.sy\/tr\/wp-content\/uploads\/2025\/06\/222222222.jpg\" alt=\"\" width=\"300\" height=\"200\" \/>Bakan El Halabi, ayr\u0131ca Harasta\u2019daki ana hastanenin kamp\u00fcs\u00fc i\u00e7erisinde in\u015fa edilecek olan \u201cEl Beyruni Camisi\u201dnin temelini att\u0131.<\/p>\n<p style=\"text-align: justify;\">Mezzeh T\u0131p B\u00f6l\u00fcm\u00fc, kapsaml\u0131 bir altyap\u0131 yenilemesinden ge\u00e7irilerek en son teknolojiye sahip t\u0131bbi cihazlarla donat\u0131ld\u0131, yatak say\u0131s\u0131 ise 40\u2019tan 75\u2019e \u00e7\u0131kar\u0131larak hasta kapasitesi art\u0131r\u0131ld\u0131.<\/p>\n<p style=\"text-align: justify;\">Sa\u011fl\u0131k Bakan\u0131 El Ali, Halep\u2019te Sa\u011fl\u0131k Bakanl\u0131\u011f\u0131\u2019na ba\u011fl\u0131 bir onkoloji merkezinin yak\u0131nda a\u00e7\u0131laca\u011f\u0131n\u0131, ayr\u0131ca gelecekte kanser alan\u0131nda bir\u00e7ok ili kapsayacak \u015fekilde benzer merkezlerin di\u011fer b\u00f6lgelerde de a\u00e7\u0131lmas\u0131n\u0131n planland\u0131\u011f\u0131n\u0131 bildirdi.<\/p>\n<p style=\"text-align: justify;\">El Beyruni Hastanesi Genel M\u00fcd\u00fcr\u00fc Redvan El Ahmed, hastanenin Harasta ve Mezzeh olmak \u00fczere iki b\u00f6l\u00fcmden olu\u015ftu\u011funu ve g\u00fcnl\u00fck 700 ila 1000 hastaya tamamen \u00fccretsiz hizmet sundu\u011funu a\u00e7\u0131klad\u0131.<\/p>\n<div id='gallery-1' class='gallery galleryid-323909 gallery-columns-1 gallery-size-full'><figure class='gallery-item'>\n\t\t\t<div class='gallery-icon landscape'>\n\t\t\t\t<a href='https:\/\/archive.sana.sy\/tr\/wp-content\/uploads\/2025\/06\/photo_\u0662\u0660\u0662\u0665-\u0660\u0666-\u0662\u0665_\u0661\u0661-\u0660\u0660-\u0661\u0664.jpg'><img loading=\"lazy\" decoding=\"async\" width=\"1050\" height=\"700\" src=\"https:\/\/archive.sana.sy\/tr\/wp-content\/uploads\/2025\/06\/photo_\u0662\u0660\u0662\u0665-\u0660\u0666-\u0662\u0665_\u0661\u0661-\u0660\u0660-\u0661\u0664.jpg\" class=\"attachment-full size-full\" alt=\"\" srcset=\"https:\/\/archive.sana.sy\/tr\/wp-content\/uploads\/2025\/06\/photo_\u0662\u0660\u0662\u0665-\u0660\u0666-\u0662\u0665_\u0661\u0661-\u0660\u0660-\u0661\u0664.jpg 1050w, https:\/\/archive.sana.sy\/tr\/wp-content\/uploads\/2025\/06\/photo_\u0662\u0660\u0662\u0665-\u0660\u0666-\u0662\u0665_\u0661\u0661-\u0660\u0660-\u0661\u0664-300x200.jpg 300w, https:\/\/archive.sana.sy\/tr\/wp-content\/uploads\/2025\/06\/photo_\u0662\u0660\u0662\u0665-\u0660\u0666-\u0662\u0665_\u0661\u0661-\u0660\u0660-\u0661\u0664-1024x683.jpg 1024w, https:\/\/archive.sana.sy\/tr\/wp-content\/uploads\/2025\/06\/photo_\u0662\u0660\u0662\u0665-\u0660\u0666-\u0662\u0665_\u0661\u0661-\u0660\u0660-\u0661\u0664-768x512.jpg 768w\" sizes=\"auto, (max-width: 1050px) 100vw, 1050px\" \/><\/a>\n\t\t\t<\/div><\/figure><figure class='gallery-item'>\n\t\t\t<div class='gallery-icon landscape'>\n\t\t\t\t<a href='https:\/\/archive.sana.sy\/tr\/wp-content\/uploads\/2025\/06\/photo_\u0662\u0660\u0662\u0665-\u0660\u0666-\u0662\u0665_\u0661\u0661-\u0660\u0660-\u0662\u0664.jpg'><img loading=\"lazy\" decoding=\"async\" width=\"1190\" height=\"793\" src=\"https:\/\/archive.sana.sy\/tr\/wp-content\/uploads\/2025\/06\/photo_\u0662\u0660\u0662\u0665-\u0660\u0666-\u0662\u0665_\u0661\u0661-\u0660\u0660-\u0662\u0664.jpg\" class=\"attachment-full size-full\" alt=\"\" srcset=\"https:\/\/archive.sana.sy\/tr\/wp-content\/uploads\/2025\/06\/photo_\u0662\u0660\u0662\u0665-\u0660\u0666-\u0662\u0665_\u0661\u0661-\u0660\u0660-\u0662\u0664.jpg 1190w, https:\/\/archive.sana.sy\/tr\/wp-content\/uploads\/2025\/06\/photo_\u0662\u0660\u0662\u0665-\u0660\u0666-\u0662\u0665_\u0661\u0661-\u0660\u0660-\u0662\u0664-300x200.jpg 300w, https:\/\/archive.sana.sy\/tr\/wp-content\/uploads\/2025\/06\/photo_\u0662\u0660\u0662\u0665-\u0660\u0666-\u0662\u0665_\u0661\u0661-\u0660\u0660-\u0662\u0664-1024x682.jpg 1024w, https:\/\/archive.sana.sy\/tr\/wp-content\/uploads\/2025\/06\/photo_\u0662\u0660\u0662\u0665-\u0660\u0666-\u0662\u0665_\u0661\u0661-\u0660\u0660-\u0662\u0664-768x512.jpg 768w\" sizes=\"auto, (max-width: 1190px) 100vw, 1190px\" \/><\/a>\n\t\t\t<\/div><\/figure><figure class='gallery-item'>\n\t\t\t<div class='gallery-icon landscape'>\n\t\t\t\t<a href='https:\/\/archive.sana.sy\/tr\/wp-content\/uploads\/2025\/06\/DSC_0216-scaled-1.jpg'><img loading=\"lazy\" decoding=\"async\" width=\"2560\" height=\"1707\" src=\"https:\/\/archive.sana.sy\/tr\/wp-content\/uploads\/2025\/06\/DSC_0216-scaled-1.jpg\" class=\"attachment-full size-full\" alt=\"\" srcset=\"https:\/\/archive.sana.sy\/tr\/wp-content\/uploads\/2025\/06\/DSC_0216-scaled-1.jpg 2560w, https:\/\/archive.sana.sy\/tr\/wp-content\/uploads\/2025\/06\/DSC_0216-scaled-1-300x200.jpg 300w, https:\/\/archive.sana.sy\/tr\/wp-content\/uploads\/2025\/06\/DSC_0216-scaled-1-1024x683.jpg 1024w, https:\/\/archive.sana.sy\/tr\/wp-content\/uploads\/2025\/06\/DSC_0216-scaled-1-768x512.jpg 768w, https:\/\/archive.sana.sy\/tr\/wp-content\/uploads\/2025\/06\/DSC_0216-scaled-1-1536x1024.jpg 1536w, https:\/\/archive.sana.sy\/tr\/wp-content\/uploads\/2025\/06\/DSC_0216-scaled-1-2048x1366.jpg 2048w\" sizes=\"auto, (max-width: 2560px) 100vw, 2560px\" \/><\/a>\n\t\t\t<\/div><\/figure><figure class='gallery-item'>\n\t\t\t<div class='gallery-icon landscape'>\n\t\t\t\t<a href='https:\/\/archive.sana.sy\/tr\/wp-content\/uploads\/2025\/06\/DSC_0228-scaled-1.jpg'><img loading=\"lazy\" decoding=\"async\" width=\"2560\" height=\"1707\" src=\"https:\/\/archive.sana.sy\/tr\/wp-content\/uploads\/2025\/06\/DSC_0228-scaled-1.jpg\" class=\"attachment-full size-full\" alt=\"\" srcset=\"https:\/\/archive.sana.sy\/tr\/wp-content\/uploads\/2025\/06\/DSC_0228-scaled-1.jpg 2560w, https:\/\/archive.sana.sy\/tr\/wp-content\/uploads\/2025\/06\/DSC_0228-scaled-1-300x200.jpg 300w, https:\/\/archive.sana.sy\/tr\/wp-content\/uploads\/2025\/06\/DSC_0228-scaled-1-1024x683.jpg 1024w, https:\/\/archive.sana.sy\/tr\/wp-content\/uploads\/2025\/06\/DSC_0228-scaled-1-768x512.jpg 768w, https:\/\/archive.sana.sy\/tr\/wp-content\/uploads\/2025\/06\/DSC_0228-scaled-1-1536x1024.jpg 1536w, https:\/\/archive.sana.sy\/tr\/wp-content\/uploads\/2025\/06\/DSC_0228-scaled-1-2048x1366.jpg 2048w\" sizes=\"auto, (max-width: 2560px) 100vw, 2560px\" \/><\/a>\n\t\t\t<\/div><\/figure><figure class='gallery-item'>\n\t\t\t<div class='gallery-icon landscape'>\n\t\t\t\t<a href='https:\/\/archive.sana.sy\/tr\/wp-content\/uploads\/2025\/06\/photo_\u0662\u0660\u0662\u0665-\u0660\u0666-\u0662\u0665_\u0661\u0660-\u0663\u0662-\u0663\u0667.jpg'><img loading=\"lazy\" decoding=\"async\" width=\"1231\" height=\"821\" src=\"https:\/\/archive.sana.sy\/tr\/wp-content\/uploads\/2025\/06\/photo_\u0662\u0660\u0662\u0665-\u0660\u0666-\u0662\u0665_\u0661\u0660-\u0663\u0662-\u0663\u0667.jpg\" class=\"attachment-full size-full\" alt=\"\" srcset=\"https:\/\/archive.sana.sy\/tr\/wp-content\/uploads\/2025\/06\/photo_\u0662\u0660\u0662\u0665-\u0660\u0666-\u0662\u0665_\u0661\u0660-\u0663\u0662-\u0663\u0667.jpg 1231w, https:\/\/archive.sana.sy\/tr\/wp-content\/uploads\/2025\/06\/photo_\u0662\u0660\u0662\u0665-\u0660\u0666-\u0662\u0665_\u0661\u0660-\u0663\u0662-\u0663\u0667-300x200.jpg 300w, https:\/\/archive.sana.sy\/tr\/wp-content\/uploads\/2025\/06\/photo_\u0662\u0660\u0662\u0665-\u0660\u0666-\u0662\u0665_\u0661\u0660-\u0663\u0662-\u0663\u0667-1024x683.jpg 1024w, https:\/\/archive.sana.sy\/tr\/wp-content\/uploads\/2025\/06\/photo_\u0662\u0660\u0662\u0665-\u0660\u0666-\u0662\u0665_\u0661\u0660-\u0663\u0662-\u0663\u0667-768x512.jpg 768w\" sizes=\"auto, (max-width: 1231px) 100vw, 1231px\" \/><\/a>\n\t\t\t<\/div><\/figure><figure class='gallery-item'>\n\t\t\t<div class='gallery-icon landscape'>\n\t\t\t\t<a href='https:\/\/archive.sana.sy\/tr\/wp-content\/uploads\/2025\/06\/photo_\u0662\u0660\u0662\u0665-\u0660\u0666-\u0662\u0665_\u0661\u0660-\u0663\u0664-\u0662\u0668.jpg'><img loading=\"lazy\" decoding=\"async\" width=\"655\" height=\"437\" src=\"https:\/\/archive.sana.sy\/tr\/wp-content\/uploads\/2025\/06\/photo_\u0662\u0660\u0662\u0665-\u0660\u0666-\u0662\u0665_\u0661\u0660-\u0663\u0664-\u0662\u0668.jpg\" class=\"attachment-full size-full\" alt=\"\" srcset=\"https:\/\/archive.sana.sy\/tr\/wp-content\/uploads\/2025\/06\/photo_\u0662\u0660\u0662\u0665-\u0660\u0666-\u0662\u0665_\u0661\u0660-\u0663\u0664-\u0662\u0668.jpg 655w, https:\/\/archive.sana.sy\/tr\/wp-content\/uploads\/2025\/06\/photo_\u0662\u0660\u0662\u0665-\u0660\u0666-\u0662\u0665_\u0661\u0660-\u0663\u0664-\u0662\u0668-300x200.jpg 300w\" sizes=\"auto, (max-width: 655px) 100vw, 655px\" \/><\/a>\n\t\t\t<\/div><\/figure>\n\t\t<\/div>\n\n","protected":false},"excerpt":{"rendered":"<p>\u015eAM (SANA) \u2013 Y\u00fcksek\u00f6\u011fretim ve Bilimsel Ara\u015ft\u0131rma Bakan\u0131\u00a0 Mervan El Halabi ile Sa\u011fl\u0131k Bakan\u0131\u00a0 Musab El Ali, Kanserle M\u00fccadele Umut Derne\u011fi&#8217;nin deste\u011fiyle rehabilitasyonu tamamlanan, kanser hastalar\u0131na radyoterapi uygulayan El Beyruni \u00dcniversitesi Hastanesi&#8217;ne ba\u011fl\u0131 Mezzeh T\u0131p B\u00f6l\u00fcm\u00fc&#8217;n\u00fcn a\u00e7\u0131l\u0131\u015f\u0131n\u0131 ger\u00e7ekle\u015ftirdi. Bakan El Halabi, ayr\u0131ca Harasta\u2019daki ana hastanenin kamp\u00fcs\u00fc i\u00e7erisinde in\u015fa edilecek olan \u201cEl Beyruni Camisi\u201dnin temelini att\u0131. &hellip;<\/p>\n","protected":false},"author":39,"featured_media":323910,"comment_status":"closed","ping_status":"closed","sticky":false,"template":"","format":"standard","meta":{"footnotes":""},"categories":[589,479,17988,478],"tags":[],"class_list":["post-323909","post","type-post","status-publish","format-standard","has-post-thumbnail","","category-haber-seridi","category-haberler-yerel","category-son-haberler","category-yerel"],"_links":{"self":[{"href":"https:\/\/archive.sana.sy\/tr\/index.php?rest_route=\/wp\/v2\/posts\/323909","targetHints":{"allow":["GET"]}}],"collection":[{"href":"https:\/\/archive.sana.sy\/tr\/index.php?rest_route=\/wp\/v2\/posts"}],"about":[{"href":"https:\/\/archive.sana.sy\/tr\/index.php?rest_route=\/wp\/v2\/types\/post"}],"author":[{"embeddable":true,"href":"https:\/\/archive.sana.sy\/tr\/index.php?rest_route=\/wp\/v2\/users\/39"}],"replies":[{"embeddable":true,"href":"https:\/\/archive.sana.sy\/tr\/index.php?rest_route=%2Fwp%2Fv2%2Fcomments&post=323909"}],"version-history":[{"count":6,"href":"https:\/\/archive.sana.sy\/tr\/index.php?rest_route=\/wp\/v2\/posts\/323909\/revisions"}],"predecessor-version":[{"id":324022,"href":"https:\/\/archive.sana.sy\/tr\/index.php?rest_route=\/wp\/v2\/posts\/323909\/revisions\/324022"}],"wp:featuredmedia":[{"embeddable":true,"href":"https:\/\/archive.sana.sy\/tr\/index.php?rest_route=\/wp\/v2\/media\/323910"}],"wp:attachment":[{"href":"https:\/\/archive.sana.sy\/tr\/index.php?rest_route=%2Fwp%2Fv2%2Fmedia&parent=323909"}],"wp:term":[{"taxonomy":"category","embeddable":true,"href":"https:\/\/archive.sana.sy\/tr\/index.php?rest_route=%2Fwp%2Fv2%2Fcategories&post=323909"},{"taxonomy":"post_tag","embeddable":true,"href":"https:\/\/archive.sana.sy\/tr\/index.php?rest_route=%2Fwp%2Fv2%2Ftags&post=323909"}],"curies":[{"name":"wp","href":"https:\/\/api.w.org\/{rel}","templated":true}]}}