{"id":323922,"date":"2025-06-26T11:00:20","date_gmt":"2025-06-26T08:00:20","guid":{"rendered":"https:\/\/sana.sy\/tr\/?p=323922"},"modified":"2025-06-26T11:48:05","modified_gmt":"2025-06-26T08:48:05","slug":"suriye-ekonomi-bakanligi-ile-mercy-corps-arasindaki-kalkinma-ortakligi-gucleniyor","status":"publish","type":"post","link":"https:\/\/archive.sana.sy\/tr\/?p=323922","title":{"rendered":"Ekonomi Bakanl\u0131\u011f\u0131 ile &#8220;Mercy Corps&#8221; \u00d6rg\u00fct\u00fc Aras\u0131ndaki Kalk\u0131nma Ortakl\u0131\u011f\u0131 G\u00fc\u00e7leniyor"},"content":{"rendered":"<p style=\"text-align: justify;\"><strong>\u015eAM (SANA) &#8211;\u00a0<\/strong>Suriye Ekonomi ve Sanayi Bakan Yard\u0131mc\u0131s\u0131 M\u00fch. Maher Halil El Hasan, i\u00e7 ticaret ve t\u00fcketiciyi koruma i\u015flerinden sorumlu olarak, &#8220;Mercy Corps&#8221; \u00f6rg\u00fct\u00fcnden bir heyetle ger\u00e7ekle\u015ftirdi\u011fi g\u00f6r\u00fc\u015fmede, \u00f6zellikle k\u00fc\u00e7\u00fck ve orta \u00f6l\u00e7ekli i\u015fletmelerin desteklenmesi ba\u015fta olmak \u00fczere, ekonomik kalk\u0131nma alan\u0131ndaki i\u015f birli\u011fi ve ortakl\u0131k imkanlar\u0131n\u0131 ele ald\u0131.<\/p>\n<p style=\"text-align: justify;\">Bakanl\u0131\u011f\u0131n Telegram kanal\u0131nda yay\u0131mlanan bilgilere g\u00f6re, g\u00f6r\u00fc\u015fmede, bakanl\u0131\u011f\u0131n \u00f6ncelikleri ve ekonomik toparlanma planlar\u0131yla uyumlu, uygulanabilir k\u00fc\u00e7\u00fck \u00f6l\u00e7ekli projelere ili\u015fkin \u00e7e\u015fitli \u00f6neri modelleri de\u011ferlendirildi. Ayr\u0131ca bu hayati sekt\u00f6rde g\u00f6rev yapan personelin mesleki e\u011fitimi ve kapasite geli\u015ftirilmesine y\u00f6nelik programlar da masaya yat\u0131r\u0131ld\u0131.<\/p>\n<p style=\"text-align: justify;\">El Hasan, bakanl\u0131\u011f\u0131n Mercy Corps\u2019un gelecekteki programlar\u0131n\u0131n ba\u015far\u0131s\u0131 i\u00e7in gerekli t\u00fcm kolayl\u0131klar\u0131 sa\u011flamaya haz\u0131r oldu\u011funu vurgulad\u0131. Uluslararas\u0131 kurulu\u015flarla kurulan ortakl\u0131klar\u0131n, s\u00fcrd\u00fcr\u00fclebilir kalk\u0131nman\u0131n desteklenmesinde ve Suriye i\u00e7erisindeki ekonomik olarak k\u0131r\u0131lgan gruplar\u0131n g\u00fc\u00e7lendirilmesinde kritik \u00f6neme sahip oldu\u011funu ifade etti.<\/p>\n<p style=\"text-align: justify;\">Mercy Corps heyetinde, B\u00f6lgesel Sorumlu Arnaud Quemin ve Suriye \u00dclke Direkt\u00f6r\u00fc Matthew Ruggit yer ald\u0131.<\/p>\n","protected":false},"excerpt":{"rendered":"<p>\u015eAM (SANA) &#8211;\u00a0Suriye Ekonomi ve Sanayi Bakan Yard\u0131mc\u0131s\u0131 M\u00fch. Maher Halil El Hasan, i\u00e7 ticaret ve t\u00fcketiciyi koruma i\u015flerinden sorumlu olarak, &#8220;Mercy Corps&#8221; \u00f6rg\u00fct\u00fcnden bir heyetle ger\u00e7ekle\u015ftirdi\u011fi g\u00f6r\u00fc\u015fmede, \u00f6zellikle k\u00fc\u00e7\u00fck ve orta \u00f6l\u00e7ekli i\u015fletmelerin desteklenmesi ba\u015fta olmak \u00fczere, ekonomik kalk\u0131nma alan\u0131ndaki i\u015f birli\u011fi ve ortakl\u0131k imkanlar\u0131n\u0131 ele ald\u0131. Bakanl\u0131\u011f\u0131n Telegram kanal\u0131nda yay\u0131mlanan bilgilere g\u00f6re, g\u00f6r\u00fc\u015fmede, &hellip;<\/p>\n","protected":false},"author":39,"featured_media":323923,"comment_status":"closed","ping_status":"closed","sticky":false,"template":"","format":"standard","meta":{"footnotes":""},"categories":[589,479,17988,478],"tags":[],"class_list":["post-323922","post","type-post","status-publish","format-standard","has-post-thumbnail","","category-haber-seridi","category-haberler-yerel","category-son-haberler","category-yerel"],"_links":{"self":[{"href":"https:\/\/archive.sana.sy\/tr\/index.php?rest_route=\/wp\/v2\/posts\/323922","targetHints":{"allow":["GET"]}}],"collection":[{"href":"https:\/\/archive.sana.sy\/tr\/index.php?rest_route=\/wp\/v2\/posts"}],"about":[{"href":"https:\/\/archive.sana.sy\/tr\/index.php?rest_route=\/wp\/v2\/types\/post"}],"author":[{"embeddable":true,"href":"https:\/\/archive.sana.sy\/tr\/index.php?rest_route=\/wp\/v2\/users\/39"}],"replies":[{"embeddable":true,"href":"https:\/\/archive.sana.sy\/tr\/index.php?rest_route=%2Fwp%2Fv2%2Fcomments&post=323922"}],"version-history":[{"count":4,"href":"https:\/\/archive.sana.sy\/tr\/index.php?rest_route=\/wp\/v2\/posts\/323922\/revisions"}],"predecessor-version":[{"id":323927,"href":"https:\/\/archive.sana.sy\/tr\/index.php?rest_route=\/wp\/v2\/posts\/323922\/revisions\/323927"}],"wp:featuredmedia":[{"embeddable":true,"href":"https:\/\/archive.sana.sy\/tr\/index.php?rest_route=\/wp\/v2\/media\/323923"}],"wp:attachment":[{"href":"https:\/\/archive.sana.sy\/tr\/index.php?rest_route=%2Fwp%2Fv2%2Fmedia&parent=323922"}],"wp:term":[{"taxonomy":"category","embeddable":true,"href":"https:\/\/archive.sana.sy\/tr\/index.php?rest_route=%2Fwp%2Fv2%2Fcategories&post=323922"},{"taxonomy":"post_tag","embeddable":true,"href":"https:\/\/archive.sana.sy\/tr\/index.php?rest_route=%2Fwp%2Fv2%2Ftags&post=323922"}],"curies":[{"name":"wp","href":"https:\/\/api.w.org\/{rel}","templated":true}]}}