{"id":323928,"date":"2025-06-26T12:07:42","date_gmt":"2025-06-26T09:07:42","guid":{"rendered":"https:\/\/sana.sy\/tr\/?p=323928"},"modified":"2025-06-26T18:38:12","modified_gmt":"2025-06-26T15:38:12","slug":"isgalci-israilin-gazze-seridiye-duzenledigi-hava-saldirilarinda-79-filistinli-sehit-dustu","status":"publish","type":"post","link":"https:\/\/archive.sana.sy\/tr\/?p=323928","title":{"rendered":"\u0130\u015fgalci \u0130srail&#8217;in Gazze \u015eeridi&#8217;ne D\u00fczenledi\u011fi Hava Sald\u0131r\u0131lar\u0131nda 79 Filistinli \u015eehit D\u00fc\u015ft\u00fc"},"content":{"rendered":"<p style=\"text-align: justify;\"><strong><span style=\"color: #ff0000;\">\u0130\u015eGAL ED\u0130LEN KUD\u00dcS (SANA)<\/span> &#8211; <\/strong>\u0130srail sava\u015f u\u00e7aklar\u0131, ku\u015fatma alt\u0131ndaki Gazze \u015eeridi&#8217;ne y\u00f6nelik sald\u0131r\u0131lar\u0131n\u0131 s\u00fcrd\u00fcrerek, Farkl\u0131 yerle\u015fim b\u00f6lgelerini hedef alan \u015fiddetli bombard\u0131man sonucu 79 Filistinli \u015fehit d\u00fc\u015ft\u00fc, onlarca ki\u015fi ise yaraland\u0131.<\/p>\n<p style=\"text-align: justify;\">Filistin Haber Ajans\u0131 WAFA&#8217;n\u0131n aktard\u0131\u011f\u0131na g\u00f6re, hava sald\u0131r\u0131lar\u0131 Gazze&#8217;nin bat\u0131s\u0131ndaki \u015eucaiyye mahallesi ve \u015eati m\u00fclteci kamp\u0131n\u0131, ayr\u0131ca b\u00f6lgenin ortas\u0131ndaki Nuseyrat m\u00fclteci kamp\u0131n\u0131 ve g\u00fcneydeki Han Yunus ve Refah \u015fehirlerini vurdu. Sald\u0131r\u0131larda \u00e7o\u011funlu\u011fu kad\u0131n ve \u00e7ocuklardan olu\u015fan \u00e7ok say\u0131da kay\u0131p ya\u015fand\u0131.<\/p>\n<p style=\"text-align: justify;\">T\u0131bbi kaynaklardan al\u0131nan bilgilere g\u00f6re, \u0130srail&#8217;in Ekim 2023&#8217;ten bu yana devam eden sald\u0131r\u0131lar\u0131ndaki \u015fehit say\u0131s\u0131 56.156&#8217;ya, yaral\u0131 say\u0131s\u0131 ise 132.239&#8217;a y\u00fckseldi. Kurtarma ekipleri, enkaz ve tahrip olmu\u015f yollar alt\u0131nda kalan bir\u00e7ok ki\u015fiye ula\u015fmay\u0131 s\u00fcrd\u00fcrmekte zorlan\u0131yor.<\/p>\n","protected":false},"excerpt":{"rendered":"<p>\u0130\u015eGAL ED\u0130LEN KUD\u00dcS (SANA) &#8211; \u0130srail sava\u015f u\u00e7aklar\u0131, ku\u015fatma alt\u0131ndaki Gazze \u015eeridi&#8217;ne y\u00f6nelik sald\u0131r\u0131lar\u0131n\u0131 s\u00fcrd\u00fcrerek, Farkl\u0131 yerle\u015fim b\u00f6lgelerini hedef alan \u015fiddetli bombard\u0131man sonucu 79 Filistinli \u015fehit d\u00fc\u015ft\u00fc, onlarca ki\u015fi ise yaraland\u0131. Filistin Haber Ajans\u0131 WAFA&#8217;n\u0131n aktard\u0131\u011f\u0131na g\u00f6re, hava sald\u0131r\u0131lar\u0131 Gazze&#8217;nin bat\u0131s\u0131ndaki \u015eucaiyye mahallesi ve \u015eati m\u00fclteci kamp\u0131n\u0131, ayr\u0131ca b\u00f6lgenin ortas\u0131ndaki Nuseyrat m\u00fclteci kamp\u0131n\u0131 ve g\u00fcneydeki &hellip;<\/p>\n","protected":false},"author":39,"featured_media":323930,"comment_status":"closed","ping_status":"closed","sticky":false,"template":"","format":"standard","meta":{"footnotes":""},"categories":[458,479,459,17988,478],"tags":[],"class_list":["post-323928","post","type-post","status-publish","format-standard","has-post-thumbnail","","category-dunya1","category-haberler-yerel","category-haberler-arap-uluslararasi-politika","category-son-haberler","category-yerel"],"_links":{"self":[{"href":"https:\/\/archive.sana.sy\/tr\/index.php?rest_route=\/wp\/v2\/posts\/323928","targetHints":{"allow":["GET"]}}],"collection":[{"href":"https:\/\/archive.sana.sy\/tr\/index.php?rest_route=\/wp\/v2\/posts"}],"about":[{"href":"https:\/\/archive.sana.sy\/tr\/index.php?rest_route=\/wp\/v2\/types\/post"}],"author":[{"embeddable":true,"href":"https:\/\/archive.sana.sy\/tr\/index.php?rest_route=\/wp\/v2\/users\/39"}],"replies":[{"embeddable":true,"href":"https:\/\/archive.sana.sy\/tr\/index.php?rest_route=%2Fwp%2Fv2%2Fcomments&post=323928"}],"version-history":[{"count":4,"href":"https:\/\/archive.sana.sy\/tr\/index.php?rest_route=\/wp\/v2\/posts\/323928\/revisions"}],"predecessor-version":[{"id":323971,"href":"https:\/\/archive.sana.sy\/tr\/index.php?rest_route=\/wp\/v2\/posts\/323928\/revisions\/323971"}],"wp:featuredmedia":[{"embeddable":true,"href":"https:\/\/archive.sana.sy\/tr\/index.php?rest_route=\/wp\/v2\/media\/323930"}],"wp:attachment":[{"href":"https:\/\/archive.sana.sy\/tr\/index.php?rest_route=%2Fwp%2Fv2%2Fmedia&parent=323928"}],"wp:term":[{"taxonomy":"category","embeddable":true,"href":"https:\/\/archive.sana.sy\/tr\/index.php?rest_route=%2Fwp%2Fv2%2Fcategories&post=323928"},{"taxonomy":"post_tag","embeddable":true,"href":"https:\/\/archive.sana.sy\/tr\/index.php?rest_route=%2Fwp%2Fv2%2Ftags&post=323928"}],"curies":[{"name":"wp","href":"https:\/\/api.w.org\/{rel}","templated":true}]}}