{"id":323937,"date":"2025-06-26T14:31:23","date_gmt":"2025-06-26T11:31:23","guid":{"rendered":"https:\/\/sana.sy\/tr\/?p=323937"},"modified":"2025-06-27T15:15:17","modified_gmt":"2025-06-27T12:15:17","slug":"icisleri-bakani-uyusturucuyla-mucadele-suriyenin-bugununu-ve-gelecegini-koruma-mucadelemizin-bir-parcasidir","status":"publish","type":"post","link":"https:\/\/archive.sana.sy\/tr\/?p=323937","title":{"rendered":"\u0130\u00e7i\u015fleri Bakan\u0131: Uyu\u015fturucuyla M\u00fccadele, Suriye&#8217;nin Bug\u00fcn\u00fcn\u00fc Ve Gelece\u011fini Koruma M\u00fccadelemizin Bir Par\u00e7as\u0131d\u0131r"},"content":{"rendered":"<p style=\"text-align: justify;\"><span style=\"color: #800000;\"><strong>\u015eAM (SANA) &#8211;<\/strong><\/span> Suriye \u0130\u00e7i\u015fleri Bakan\u0131 Enes Hattab, \u0130\u00e7i\u015fleri Bakanl\u0131\u011f\u0131&#8217;n\u0131n uyu\u015fturucu ka\u00e7ak\u00e7\u0131l\u0131\u011f\u0131 ve ticareti \u015febekelerini yakalamaya y\u00f6nelik kararl\u0131 ve azimli kampanyalar\u0131n\u0131 s\u00fcrd\u00fcrd\u00fc\u011f\u00fcn\u00fc vurgulad\u0131.<\/p>\n<p style=\"text-align: justify;\">Bakan Hattab, X arac\u0131l\u0131\u011f\u0131yla bir tweet&#8217;te \u015funlar\u0131 s\u00f6yledi: \u2018\u2019Uluslararas\u0131 Uyu\u015fturucu Kullan\u0131m\u0131 ve Ka\u00e7ak\u00e7\u0131l\u0131\u011f\u0131na Kar\u015f\u0131 M\u00fccadele G\u00fcn\u00fc&#8217;nde, \u0130\u00e7i\u015fleri Bakanl\u0131\u011f\u0131 olarak toplumsal g\u00fcvenli\u011fi ve gen\u00e7lerimizin ve \u00fclkemizin emniyetini tehdit eden bu belayla m\u00fccadele etme taahh\u00fcd\u00fcm\u00fcz\u00fc yeniliyoruz. \u0130\u00e7i\u015fleri Bakanl\u0131\u011f\u0131, ka\u00e7ak\u00e7\u0131l\u0131k ve insan ticareti a\u011flar\u0131n\u0131 kontrol alt\u0131na almak i\u00e7in yo\u011fun kampanyalar uygulamaya kararl\u0131l\u0131kla devam ediyor ve depolama ve insan ticareti yuvalar\u0131na durmaks\u0131z\u0131n sald\u0131r\u0131yor, Suriye&#8217;nin bu toksinlerden ar\u0131nmas\u0131n\u0131 sa\u011fl\u0131yor.\u2019\u2019<\/p>\n<p style=\"text-align: justify;\">\u0130\u00e7i\u015fleri Bakna\u0131 ayr\u0131ca \u015funlar\u0131 kaydetti: \u2018\u2019Uyu\u015fturucuyla m\u00fccadele, Suriye&#8217;nin bug\u00fcn\u00fcn\u00fc ve gelece\u011fini koruma m\u00fccadelemizin bir par\u00e7as\u0131d\u0131r ve halk\u0131 ve sivil toplumu bu m\u00fccadelede yan\u0131m\u0131zda durmaya ve bizi desteklemeye \u00e7a\u011f\u0131r\u0131yoruz. Uyu\u015fturucuyla m\u00fccadele sadece bir g\u00fcvenlik meselesi de\u011fil; tehlikeye at\u0131lmamas\u0131 gereken ahlaki, sosyal ve ulusal bir g\u00f6revdir.\u2019\u2019<\/p>\n","protected":false},"excerpt":{"rendered":"<p>\u015eAM (SANA) &#8211; Suriye \u0130\u00e7i\u015fleri Bakan\u0131 Enes Hattab, \u0130\u00e7i\u015fleri Bakanl\u0131\u011f\u0131&#8217;n\u0131n uyu\u015fturucu ka\u00e7ak\u00e7\u0131l\u0131\u011f\u0131 ve ticareti \u015febekelerini yakalamaya y\u00f6nelik kararl\u0131 ve azimli kampanyalar\u0131n\u0131 s\u00fcrd\u00fcrd\u00fc\u011f\u00fcn\u00fc vurgulad\u0131. Bakan Hattab, X arac\u0131l\u0131\u011f\u0131yla bir tweet&#8217;te \u015funlar\u0131 s\u00f6yledi: \u2018\u2019Uluslararas\u0131 Uyu\u015fturucu Kullan\u0131m\u0131 ve Ka\u00e7ak\u00e7\u0131l\u0131\u011f\u0131na Kar\u015f\u0131 M\u00fccadele G\u00fcn\u00fc&#8217;nde, \u0130\u00e7i\u015fleri Bakanl\u0131\u011f\u0131 olarak toplumsal g\u00fcvenli\u011fi ve gen\u00e7lerimizin ve \u00fclkemizin emniyetini tehdit eden bu belayla m\u00fccadele etme &hellip;<\/p>\n","protected":false},"author":44,"featured_media":323938,"comment_status":"closed","ping_status":"closed","sticky":false,"template":"","format":"standard","meta":{"footnotes":""},"categories":[479,478],"tags":[43950,43951],"class_list":["post-323937","post","type-post","status-publish","format-standard","has-post-thumbnail","","category-haberler-yerel","category-yerel","tag-icisleri-bakani-uyusturucuyla-mucadele","tag-suriyenin-bugununu-ve-gelecegini-koruma-mucadelemizin-bir-parcasidir"],"_links":{"self":[{"href":"https:\/\/archive.sana.sy\/tr\/index.php?rest_route=\/wp\/v2\/posts\/323937","targetHints":{"allow":["GET"]}}],"collection":[{"href":"https:\/\/archive.sana.sy\/tr\/index.php?rest_route=\/wp\/v2\/posts"}],"about":[{"href":"https:\/\/archive.sana.sy\/tr\/index.php?rest_route=\/wp\/v2\/types\/post"}],"author":[{"embeddable":true,"href":"https:\/\/archive.sana.sy\/tr\/index.php?rest_route=\/wp\/v2\/users\/44"}],"replies":[{"embeddable":true,"href":"https:\/\/archive.sana.sy\/tr\/index.php?rest_route=%2Fwp%2Fv2%2Fcomments&post=323937"}],"version-history":[{"count":2,"href":"https:\/\/archive.sana.sy\/tr\/index.php?rest_route=\/wp\/v2\/posts\/323937\/revisions"}],"predecessor-version":[{"id":323944,"href":"https:\/\/archive.sana.sy\/tr\/index.php?rest_route=\/wp\/v2\/posts\/323937\/revisions\/323944"}],"wp:featuredmedia":[{"embeddable":true,"href":"https:\/\/archive.sana.sy\/tr\/index.php?rest_route=\/wp\/v2\/media\/323938"}],"wp:attachment":[{"href":"https:\/\/archive.sana.sy\/tr\/index.php?rest_route=%2Fwp%2Fv2%2Fmedia&parent=323937"}],"wp:term":[{"taxonomy":"category","embeddable":true,"href":"https:\/\/archive.sana.sy\/tr\/index.php?rest_route=%2Fwp%2Fv2%2Fcategories&post=323937"},{"taxonomy":"post_tag","embeddable":true,"href":"https:\/\/archive.sana.sy\/tr\/index.php?rest_route=%2Fwp%2Fv2%2Ftags&post=323937"}],"curies":[{"name":"wp","href":"https:\/\/api.w.org\/{rel}","templated":true}]}}