{"id":323946,"date":"2025-06-26T14:57:32","date_gmt":"2025-06-26T11:57:32","guid":{"rendered":"https:\/\/sana.sy\/tr\/?p=323946"},"modified":"2025-06-26T14:57:32","modified_gmt":"2025-06-26T11:57:32","slug":"suriye-ve-almanya-mesleki-egitimde-isbirligi-gorustu","status":"publish","type":"post","link":"https:\/\/archive.sana.sy\/tr\/?p=323946","title":{"rendered":"Suriye Ve Almanya Mesleki E\u011fitimde \u0130\u015fbirli\u011fi G\u00f6r\u00fc\u015ft\u00fc"},"content":{"rendered":"<p style=\"text-align: justify;\"><span style=\"color: #ff0000;\"><strong>\u015eAM (SANA) &#8211;<\/strong><\/span> \u00a0\u00a0Suriye E\u011fitim Bakan\u0131 Muhammad Abdulrahman Tarku, bug\u00fcn Alman Uluslararas\u0131 \u0130\u015fbirli\u011fi Ajans\u0131&#8217;ndan (GIZ) bir heyetle Suriye&#8217;de mesleki e\u011fitim alan\u0131nda iki \u00fclke aras\u0131ndaki gelecekteki i\u015fbirli\u011fi beklentilerini g\u00f6r\u00fc\u015ft\u00fc.<\/p>\n<p><img loading=\"lazy\" decoding=\"async\" class=\" wp-image-323948 alignright\" style=\"text-align: justify;\" src=\"http:\/\/sana.sy\/tr\/wp-content\/uploads\/2025\/06\/DSC_1498-300x200-1.jpg\" alt=\"\" width=\"276\" height=\"184\" \/><\/p>\n<p style=\"text-align: justify;\">Bakan Tarku, \u015eam&#8217;daki Bakanl\u0131kta d\u00fczenlenen g\u00f6r\u00fc\u015fmede, mesleki e\u011fitimde Alman deneyiminden yararlanman\u0131n \u00f6nemini ve Bakanl\u0131\u011f\u0131n bunu ba\u015farmak i\u00e7in pratik ad\u0131mlar atma konusundaki kararl\u0131l\u0131\u011f\u0131n\u0131 vurgulad\u0131.<\/p>\n<p style=\"text-align: justify;\">Alman heyeti ise mesleki e\u011fitime b\u00fcy\u00fck ilgi g\u00f6stererek, Suriye&#8217;de mesleki e\u011fitimin geli\u015ftirilmesi, standartlar\u0131n olu\u015fturulmas\u0131, gen\u00e7lerin e\u011fitilmesi ve rehabilite edilmesi, onlara daha iyi bir gelecek sa\u011flanmas\u0131 ve i\u015f piyasas\u0131na ba\u011flanmalar\u0131 y\u00f6n\u00fcnde pratik ad\u0131mlar atma arzusunu dile getirdi.<\/p>\n","protected":false},"excerpt":{"rendered":"<p>\u015eAM (SANA) &#8211; \u00a0\u00a0Suriye E\u011fitim Bakan\u0131 Muhammad Abdulrahman Tarku, bug\u00fcn Alman Uluslararas\u0131 \u0130\u015fbirli\u011fi Ajans\u0131&#8217;ndan (GIZ) bir heyetle Suriye&#8217;de mesleki e\u011fitim alan\u0131nda iki \u00fclke aras\u0131ndaki gelecekteki i\u015fbirli\u011fi beklentilerini g\u00f6r\u00fc\u015ft\u00fc. Bakan Tarku, \u015eam&#8217;daki Bakanl\u0131kta d\u00fczenlenen g\u00f6r\u00fc\u015fmede, mesleki e\u011fitimde Alman deneyiminden yararlanman\u0131n \u00f6nemini ve Bakanl\u0131\u011f\u0131n bunu ba\u015farmak i\u00e7in pratik ad\u0131mlar atma konusundaki kararl\u0131l\u0131\u011f\u0131n\u0131 vurgulad\u0131. Alman heyeti ise mesleki &hellip;<\/p>\n","protected":false},"author":41,"featured_media":323947,"comment_status":"closed","ping_status":"closed","sticky":false,"template":"","format":"standard","meta":{"footnotes":""},"categories":[458,589,459,17988],"tags":[],"class_list":["post-323946","post","type-post","status-publish","format-standard","has-post-thumbnail","","category-dunya1","category-haber-seridi","category-haberler-arap-uluslararasi-politika","category-son-haberler"],"_links":{"self":[{"href":"https:\/\/archive.sana.sy\/tr\/index.php?rest_route=\/wp\/v2\/posts\/323946","targetHints":{"allow":["GET"]}}],"collection":[{"href":"https:\/\/archive.sana.sy\/tr\/index.php?rest_route=\/wp\/v2\/posts"}],"about":[{"href":"https:\/\/archive.sana.sy\/tr\/index.php?rest_route=\/wp\/v2\/types\/post"}],"author":[{"embeddable":true,"href":"https:\/\/archive.sana.sy\/tr\/index.php?rest_route=\/wp\/v2\/users\/41"}],"replies":[{"embeddable":true,"href":"https:\/\/archive.sana.sy\/tr\/index.php?rest_route=%2Fwp%2Fv2%2Fcomments&post=323946"}],"version-history":[{"count":1,"href":"https:\/\/archive.sana.sy\/tr\/index.php?rest_route=\/wp\/v2\/posts\/323946\/revisions"}],"predecessor-version":[{"id":323949,"href":"https:\/\/archive.sana.sy\/tr\/index.php?rest_route=\/wp\/v2\/posts\/323946\/revisions\/323949"}],"wp:featuredmedia":[{"embeddable":true,"href":"https:\/\/archive.sana.sy\/tr\/index.php?rest_route=\/wp\/v2\/media\/323947"}],"wp:attachment":[{"href":"https:\/\/archive.sana.sy\/tr\/index.php?rest_route=%2Fwp%2Fv2%2Fmedia&parent=323946"}],"wp:term":[{"taxonomy":"category","embeddable":true,"href":"https:\/\/archive.sana.sy\/tr\/index.php?rest_route=%2Fwp%2Fv2%2Fcategories&post=323946"},{"taxonomy":"post_tag","embeddable":true,"href":"https:\/\/archive.sana.sy\/tr\/index.php?rest_route=%2Fwp%2Fv2%2Ftags&post=323946"}],"curies":[{"name":"wp","href":"https:\/\/api.w.org\/{rel}","templated":true}]}}