{"id":323950,"date":"2025-06-26T14:59:16","date_gmt":"2025-06-26T11:59:16","guid":{"rendered":"https:\/\/sana.sy\/tr\/?p=323950"},"modified":"2025-06-26T15:12:42","modified_gmt":"2025-06-26T12:12:42","slug":"suudi-disisleri-bakani-ve-abdnin-suriye-temsilcisi-suriyeye-destek-yollarini-gorustu","status":"publish","type":"post","link":"https:\/\/archive.sana.sy\/tr\/?p=323950","title":{"rendered":"Suudi Arabistan D\u0131\u015fi\u015fleri Bakan\u0131 Ve ABD&#8217;nin Suriye Temsilcisi Suriye&#8217;ye Destek Yollar\u0131n\u0131 G\u00f6r\u00fc\u015ft\u00fc"},"content":{"rendered":"<p style=\"text-align: justify;\"><span style=\"color: #800000;\"><strong>R\u0130YAD (SANA) &#8211;<\/strong><\/span> Suudi D\u0131\u015fi\u015fleri Bakan\u0131 Prens Faysal bin Ferhan, bug\u00fcn Riyad&#8217;da ABD&#8217;nin Suriye \u00d6zel Temsilcisi Tom Barrack ile yapt\u0131\u011f\u0131 g\u00f6r\u00fc\u015fmede Suriye&#8217;ye destek yollar\u0131n\u0131 ele ald\u0131.<\/p>\n<p style=\"text-align: justify;\">Suudi Arabistan D\u0131\u015fi\u015fleri Bakanl\u0131\u011f\u0131, X platformunda yapt\u0131\u011f\u0131 payla\u015f\u0131mda, toplant\u0131da Suriye&#8217;nin g\u00fcvenli\u011finin, istikrar\u0131n\u0131n ve ekonomik toparlanmas\u0131n\u0131n art\u0131r\u0131lmas\u0131na katk\u0131 sa\u011flayacak destek yollar\u0131n\u0131n ele al\u0131nd\u0131\u011f\u0131n\u0131 bildirdi.<\/p>\n","protected":false},"excerpt":{"rendered":"<p>R\u0130YAD (SANA) &#8211; Suudi D\u0131\u015fi\u015fleri Bakan\u0131 Prens Faysal bin Ferhan, bug\u00fcn Riyad&#8217;da ABD&#8217;nin Suriye \u00d6zel Temsilcisi Tom Barrack ile yapt\u0131\u011f\u0131 g\u00f6r\u00fc\u015fmede Suriye&#8217;ye destek yollar\u0131n\u0131 ele ald\u0131. Suudi Arabistan D\u0131\u015fi\u015fleri Bakanl\u0131\u011f\u0131, X platformunda yapt\u0131\u011f\u0131 payla\u015f\u0131mda, toplant\u0131da Suriye&#8217;nin g\u00fcvenli\u011finin, istikrar\u0131n\u0131n ve ekonomik toparlanmas\u0131n\u0131n art\u0131r\u0131lmas\u0131na katk\u0131 sa\u011flayacak destek yollar\u0131n\u0131n ele al\u0131nd\u0131\u011f\u0131n\u0131 bildirdi.<\/p>\n","protected":false},"author":44,"featured_media":323951,"comment_status":"closed","ping_status":"closed","sticky":false,"template":"","format":"standard","meta":{"footnotes":""},"categories":[458,589,459,17988],"tags":[43953],"class_list":["post-323950","post","type-post","status-publish","format-standard","has-post-thumbnail","","category-dunya1","category-haber-seridi","category-haberler-arap-uluslararasi-politika","category-son-haberler","tag-suudi-disisleri-bakani-ve-abdnin-suriye-temsilcisi-suriyeye-destek-yollarini-gorustu"],"_links":{"self":[{"href":"https:\/\/archive.sana.sy\/tr\/index.php?rest_route=\/wp\/v2\/posts\/323950","targetHints":{"allow":["GET"]}}],"collection":[{"href":"https:\/\/archive.sana.sy\/tr\/index.php?rest_route=\/wp\/v2\/posts"}],"about":[{"href":"https:\/\/archive.sana.sy\/tr\/index.php?rest_route=\/wp\/v2\/types\/post"}],"author":[{"embeddable":true,"href":"https:\/\/archive.sana.sy\/tr\/index.php?rest_route=\/wp\/v2\/users\/44"}],"replies":[{"embeddable":true,"href":"https:\/\/archive.sana.sy\/tr\/index.php?rest_route=%2Fwp%2Fv2%2Fcomments&post=323950"}],"version-history":[{"count":2,"href":"https:\/\/archive.sana.sy\/tr\/index.php?rest_route=\/wp\/v2\/posts\/323950\/revisions"}],"predecessor-version":[{"id":323953,"href":"https:\/\/archive.sana.sy\/tr\/index.php?rest_route=\/wp\/v2\/posts\/323950\/revisions\/323953"}],"wp:featuredmedia":[{"embeddable":true,"href":"https:\/\/archive.sana.sy\/tr\/index.php?rest_route=\/wp\/v2\/media\/323951"}],"wp:attachment":[{"href":"https:\/\/archive.sana.sy\/tr\/index.php?rest_route=%2Fwp%2Fv2%2Fmedia&parent=323950"}],"wp:term":[{"taxonomy":"category","embeddable":true,"href":"https:\/\/archive.sana.sy\/tr\/index.php?rest_route=%2Fwp%2Fv2%2Fcategories&post=323950"},{"taxonomy":"post_tag","embeddable":true,"href":"https:\/\/archive.sana.sy\/tr\/index.php?rest_route=%2Fwp%2Fv2%2Ftags&post=323950"}],"curies":[{"name":"wp","href":"https:\/\/api.w.org\/{rel}","templated":true}]}}